{"id":117656,"date":"2025-09-01T09:46:49","date_gmt":"2025-09-01T06:46:49","guid":{"rendered":"https:\/\/www.giurgiuveanul.ro\/stiri\/?p=117656"},"modified":"2025-09-01T09:46:49","modified_gmt":"2025-09-01T06:46:49","slug":"pas-important-pentru-drumul-de-mare-viteza-bucuresti-giurgiu","status":"publish","type":"post","link":"https:\/\/www.giurgiuveanul.ro\/stiri\/pas-important-pentru-drumul-de-mare-viteza-bucuresti-giurgiu\/","title":{"rendered":"Pas important pentru Drumul de mare vitez\u0103 Bucure\u0219ti\u2013Giurgiu"},"content":{"rendered":"<p style=\"text-align: justify;\" data-start=\"68\" data-end=\"301\"><strong><a href=\"https:\/\/www.giurgiuveanul.ro\/stiri\/wp-content\/uploads\/2025\/09\/00000000000-540275186_1296596028595173_7265812418430796670_n.jpg\"><img loading=\"lazy\" decoding=\"async\" class=\"aligncenter  wp-image-117657\" src=\"https:\/\/www.giurgiuveanul.ro\/stiri\/wp-content\/uploads\/2025\/09\/00000000000-540275186_1296596028595173_7265812418430796670_n-487x450.jpg\" alt=\"\" width=\"713\" height=\"659\" srcset=\"https:\/\/www.giurgiuveanul.ro\/stiri\/wp-content\/uploads\/2025\/09\/00000000000-540275186_1296596028595173_7265812418430796670_n-487x450.jpg 487w, https:\/\/www.giurgiuveanul.ro\/stiri\/wp-content\/uploads\/2025\/09\/00000000000-540275186_1296596028595173_7265812418430796670_n-250x231.jpg 250w, https:\/\/www.giurgiuveanul.ro\/stiri\/wp-content\/uploads\/2025\/09\/00000000000-540275186_1296596028595173_7265812418430796670_n-768x710.jpg 768w, https:\/\/www.giurgiuveanul.ro\/stiri\/wp-content\/uploads\/2025\/09\/00000000000-540275186_1296596028595173_7265812418430796670_n-1536x1420.jpg 1536w, https:\/\/www.giurgiuveanul.ro\/stiri\/wp-content\/uploads\/2025\/09\/00000000000-540275186_1296596028595173_7265812418430796670_n-400x370.jpg 400w, https:\/\/www.giurgiuveanul.ro\/stiri\/wp-content\/uploads\/2025\/09\/00000000000-540275186_1296596028595173_7265812418430796670_n.jpg 1600w\" sizes=\"auto, (max-width: 713px) 100vw, 713px\" \/><\/a>Ciprian \u0218erban, ministrul Transporturilor, a anun\u021bat<!--more--> recent un progres esen\u021bial pentru realizarea Drumului de mare vitez\u0103 Bucure\u0219ti\u2013Giurgiu, unul dintre cele mai a\u0219teptate proiecte de infrastructur\u0103 rutier\u0103 din sudul \u021b\u0103rii.<\/strong><\/p>\n<p style=\"text-align: justify;\" data-start=\"303\" data-end=\"518\">Compania Na\u021bional\u0103 de Investi\u021bii Rutiere a desemnat c\u00e2\u0219tig\u0103torul contractului pentru realizarea <strong data-start=\"399\" data-end=\"428\">Studiului de Fezabilitate<\/strong>, necesar pentru stabilirea traseului \u0219i a tipului de drum (autostrad\u0103 sau drum expres).<\/p>\n<p style=\"text-align: justify;\" data-start=\"520\" data-end=\"748\">Contractul, \u00een valoare de <strong data-start=\"546\" data-end=\"576\">33 milioane lei (f\u0103r\u0103 TVA)<\/strong>, a fost atribuit <strong data-start=\"594\" data-end=\"677\">asocierii ACTIV PROIECTARE INFRASTRUCTUR\u0102 \u0219i unei firme de inginerie din Turcia<\/strong>. Studiul va fi realizat \u00eentr-un termen de <strong data-start=\"720\" data-end=\"731\">16 luni<\/strong> \u0219i va include:<\/p>\n<ul style=\"text-align: justify;\" data-start=\"749\" data-end=\"966\">\n<li data-start=\"749\" data-end=\"780\">\n<p data-start=\"751\" data-end=\"780\">stabilirea traseului exact,<\/p>\n<\/li>\n<li data-start=\"781\" data-end=\"870\">\n<p data-start=\"783\" data-end=\"870\">analiza conexiunilor cu alte proiecte majore, inclusiv viitorul <strong data-start=\"847\" data-end=\"867\">Pod Giurgiu\u2013Ruse<\/strong>,<\/p>\n<\/li>\n<li data-start=\"871\" data-end=\"966\">\n<p data-start=\"873\" data-end=\"966\">identificarea surselor de finan\u021bare, inclusiv posibilitatea unui parteneriat public\u2013privat.<\/p>\n<\/li>\n<\/ul>\n<p style=\"text-align: justify;\" data-start=\"968\" data-end=\"1044\">Proiectul este finan\u021bat din <strong data-start=\"996\" data-end=\"1041\">fonduri europene \u0219i de la bugetul de stat<\/strong>.<\/p>\n<p style=\"text-align: justify;\" data-start=\"968\" data-end=\"1044\"><em>\u201eAcest drum este esen\u021bial pentru leg\u0103tura rapid\u0103 \u00eentre Bucure\u0219ti \u0219i grani\u021ba cu Bulgaria \u0219i pentru dezvoltarea infrastructurii rom\u00e2ne\u0219ti<\/em>\u201d, a declarat ministrul Ciprian \u0218erban.<\/p>\n","protected":false},"excerpt":{"rendered":"<p>Ciprian \u0218erban, ministrul Transporturilor, a anun\u021bat<\/p>\n","protected":false},"author":1,"featured_media":0,"comment_status":"open","ping_status":"open","sticky":false,"template":"","format":"standard","meta":{"footnotes":""},"categories":[1],"tags":[],"class_list":["post-117656","post","type-post","status-publish","format-standard","hentry","category-actualitate"],"_links":{"self":[{"href":"https:\/\/www.giurgiuveanul.ro\/stiri\/wp-json\/wp\/v2\/posts\/117656","targetHints":{"allow":["GET"]}}],"collection":[{"href":"https:\/\/www.giurgiuveanul.ro\/stiri\/wp-json\/wp\/v2\/posts"}],"about":[{"href":"https:\/\/www.giurgiuveanul.ro\/stiri\/wp-json\/wp\/v2\/types\/post"}],"author":[{"embeddable":true,"href":"https:\/\/www.giurgiuveanul.ro\/stiri\/wp-json\/wp\/v2\/users\/1"}],"replies":[{"embeddable":true,"href":"https:\/\/www.giurgiuveanul.ro\/stiri\/wp-json\/wp\/v2\/comments?post=117656"}],"version-history":[{"count":1,"href":"https:\/\/www.giurgiuveanul.ro\/stiri\/wp-json\/wp\/v2\/posts\/117656\/revisions"}],"predecessor-version":[{"id":117658,"href":"https:\/\/www.giurgiuveanul.ro\/stiri\/wp-json\/wp\/v2\/posts\/117656\/revisions\/117658"}],"wp:attachment":[{"href":"https:\/\/www.giurgiuveanul.ro\/stiri\/wp-json\/wp\/v2\/media?parent=117656"}],"wp:term":[{"taxonomy":"category","embeddable":true,"href":"https:\/\/www.giurgiuveanul.ro\/stiri\/wp-json\/wp\/v2\/categories?post=117656"},{"taxonomy":"post_tag","embeddable":true,"href":"https:\/\/www.giurgiuveanul.ro\/stiri\/wp-json\/wp\/v2\/tags?post=117656"}],"curies":[{"name":"wp","href":"https:\/\/api.w.org\/{rel}","templated":true}]}}