{"id":117688,"date":"2025-09-02T13:34:31","date_gmt":"2025-09-02T10:34:31","guid":{"rendered":"https:\/\/www.giurgiuveanul.ro\/stiri\/?p=117688"},"modified":"2025-09-02T13:34:31","modified_gmt":"2025-09-02T10:34:31","slug":"minor-disparut-identificat-de-catre-politistii-giurgiuveni","status":"publish","type":"post","link":"https:\/\/www.giurgiuveanul.ro\/stiri\/minor-disparut-identificat-de-catre-politistii-giurgiuveni\/","title":{"rendered":"Minor disp\u0103rut, identificat de c\u0103tre poli\u021bi\u0219tii giurgiuveni"},"content":{"rendered":"<p style=\"text-align: justify;\"><a href=\"https:\/\/www.giurgiuveanul.ro\/stiri\/wp-content\/uploads\/2025\/09\/0000-MINOR-DISPARUT.jpg\"><img loading=\"lazy\" decoding=\"async\" class=\"aligncenter  wp-image-117689\" src=\"https:\/\/www.giurgiuveanul.ro\/stiri\/wp-content\/uploads\/2025\/09\/0000-MINOR-DISPARUT-560x395.jpg\" alt=\"\" width=\"722\" height=\"509\" srcset=\"https:\/\/www.giurgiuveanul.ro\/stiri\/wp-content\/uploads\/2025\/09\/0000-MINOR-DISPARUT-560x395.jpg 560w, https:\/\/www.giurgiuveanul.ro\/stiri\/wp-content\/uploads\/2025\/09\/0000-MINOR-DISPARUT-250x177.jpg 250w, https:\/\/www.giurgiuveanul.ro\/stiri\/wp-content\/uploads\/2025\/09\/0000-MINOR-DISPARUT-768x542.jpg 768w, https:\/\/www.giurgiuveanul.ro\/stiri\/wp-content\/uploads\/2025\/09\/0000-MINOR-DISPARUT-1536x1084.jpg 1536w, https:\/\/www.giurgiuveanul.ro\/stiri\/wp-content\/uploads\/2025\/09\/0000-MINOR-DISPARUT-400x282.jpg 400w, https:\/\/www.giurgiuveanul.ro\/stiri\/wp-content\/uploads\/2025\/09\/0000-MINOR-DISPARUT.jpg 1609w\" sizes=\"auto, (max-width: 722px) 100vw, 722px\" \/><\/a>\u00cen aceast\u0103 diminea\u021b\u0103,<!--more--> poli\u0163i\u015ftii din cadrul Sec\u021biei de Poli\u021bie Rural\u0103 nr.3 Bolintin-Vale au efectuat verific\u0103ri \u00een vederea depist\u0103rii unui minor, de 3 ani, disp\u0103rut din localitatea Flore\u0219ti-Stoene\u0219ti, jude\u021bul Giurgiu.<\/p>\n<p style=\"text-align: justify;\">Acesta a plecat de la domiciliul s\u0103u, din localitatea Flore\u0219ti-Stoene\u0219ti, fiind g\u0103sit la scurt timp de c\u0103tre poli\u021bi\u0219ti, \u00een extravilanul localit\u0103\u021bii, nefiind victima vreunei infrac\u021biuni.<\/p>\n<p><a href=\"https:\/\/www.giurgiuveanul.ro\/stiri\/wp-content\/uploads\/2025\/09\/000-MINOR-DISPARUT.jpg\"><img loading=\"lazy\" decoding=\"async\" class=\"aligncenter  wp-image-117690\" src=\"https:\/\/www.giurgiuveanul.ro\/stiri\/wp-content\/uploads\/2025\/09\/000-MINOR-DISPARUT-397x450.jpg\" alt=\"\" width=\"703\" height=\"796\" srcset=\"https:\/\/www.giurgiuveanul.ro\/stiri\/wp-content\/uploads\/2025\/09\/000-MINOR-DISPARUT-397x450.jpg 397w, https:\/\/www.giurgiuveanul.ro\/stiri\/wp-content\/uploads\/2025\/09\/000-MINOR-DISPARUT-250x283.jpg 250w, https:\/\/www.giurgiuveanul.ro\/stiri\/wp-content\/uploads\/2025\/09\/000-MINOR-DISPARUT-768x871.jpg 768w, https:\/\/www.giurgiuveanul.ro\/stiri\/wp-content\/uploads\/2025\/09\/000-MINOR-DISPARUT-1355x1536.jpg 1355w, https:\/\/www.giurgiuveanul.ro\/stiri\/wp-content\/uploads\/2025\/09\/000-MINOR-DISPARUT-400x453.jpg 400w, https:\/\/www.giurgiuveanul.ro\/stiri\/wp-content\/uploads\/2025\/09\/000-MINOR-DISPARUT.jpg 1536w\" sizes=\"auto, (max-width: 703px) 100vw, 703px\" \/><\/a><\/p>\n<p style=\"text-align: justify;\">Verific\u0103rile au fost efectuate de c\u0103tre poli\u021bi\u0219tii din cadrul sec\u021biilor de poli\u021bie rural\u0103 nr.3 Bolintin-Vale \u0219i 8 Roata de Jos, cei ai Poli\u021biei ora\u0219 Bolintin-Vale, cu sprijinul jandarmilor din cadrul Inspectoratului de Jandarmi Jude\u021bean Giurgiu \u0219i al voluntarilor.<\/p>\n<p style=\"text-align: justify;\">Mul\u021bumim tuturor pentru sprijinul acordat!<\/p>\n<p style=\"text-align: justify;\">Recomand\u0103ri pentru p\u0103rin\u021bi:<\/p>\n<p style=\"text-align: justify;\">\u00cen cazul \u00een care copilul dumneavoastr\u0103 a disp\u0103rut:<\/p>\n<p style=\"text-align: justify;\">-Verifica\u0163i la rude \u015fi prietenii apropia\u0163i dac\u0103 copilul nu se afl\u0103 la ace\u015ftia;<br \/>\n-Anun\u0163a\u0163i \u00een cel mai scurt timp Poli\u0163ia; sesizarea dispari\u0163iei unui copil se poate face prin apel la num\u0103rul de urgen\u0163\u0103 112, prin sesizare direct\u0103 la sediul unit\u0103\u0163ii de poli\u0163ie sau prin sesizarea verbal\u0103 a unei patrule din teren.<br \/>\n-P\u0103stra\u0163i-v\u0103 calmul! Chiar dac\u0103 v\u0103 afla\u0163i \u00eentr-o stare de emo\u0163ie puternic\u0103, este foarte important s\u0103 v\u0103 st\u0103p\u00e2ni\u0163i, pentru a oferi poli\u0163i\u015ftilor toate detaliile ce \u00eei pot ajuta s\u0103 v\u0103 g\u0103seasc\u0103 copilul \u00een cel mai scurt timp.<\/p>\n<p style=\"text-align: justify;\">Trebuie s\u0103 fi\u0163i \u00een m\u0103sur\u0103 s\u0103 furniza\u0163i anchetatorilor:<\/p>\n<p style=\"text-align: justify;\">-descrierea semnalmentelor \u015fi a semnelor particulare;<br \/>\n-c\u00e2teva fotografii recente ale copilului;<br \/>\n-o \u00eenregistrare audio-vizual\u0103, dac\u0103 dispune\u0163i de a\u015fa ceva;<br \/>\n-descrierea obiectelor de vestimenta\u0163ie cu care era \u00eembr\u0103cat la momentul dispari\u0163iei, precum \u015fi a obiectelor pe care le avea asupra sa;<br \/>\n-\u00eemprejur\u0103rile \u00een care a disp\u0103rut;<br \/>\n-profilul s\u0103u psihic \u015fi moral, starea de s\u0103n\u0103tate;<br \/>\n-o list\u0103 cuprinz\u00e2nd persoanele din anturajul s\u0103u, locuri pe care obi\u015fnuia s\u0103 le frecventeze<br \/>\n-datele de contact ale adul\u0163ilor apropia\u0163i (bunici, unchi, m\u0103tu\u015fi, vecini etc);<br \/>\n-\u00een general, orice informa\u0163ie care vi se pare de interes pentru poli\u0163i\u015fti (riscul de a fi fost luat de un membru al familiei, certuri recente, antecedente de p\u0103r\u0103sire a domiciliului, dispari\u0163ia unor obiecte personale din camera sa etc.).<\/p>\n","protected":false},"excerpt":{"rendered":"<p>\u00cen aceast\u0103 diminea\u021b\u0103,<\/p>\n","protected":false},"author":1,"featured_media":0,"comment_status":"open","ping_status":"open","sticky":false,"template":"","format":"standard","meta":{"footnotes":""},"categories":[1],"tags":[],"class_list":["post-117688","post","type-post","status-publish","format-standard","hentry","category-actualitate"],"_links":{"self":[{"href":"https:\/\/www.giurgiuveanul.ro\/stiri\/wp-json\/wp\/v2\/posts\/117688","targetHints":{"allow":["GET"]}}],"collection":[{"href":"https:\/\/www.giurgiuveanul.ro\/stiri\/wp-json\/wp\/v2\/posts"}],"about":[{"href":"https:\/\/www.giurgiuveanul.ro\/stiri\/wp-json\/wp\/v2\/types\/post"}],"author":[{"embeddable":true,"href":"https:\/\/www.giurgiuveanul.ro\/stiri\/wp-json\/wp\/v2\/users\/1"}],"replies":[{"embeddable":true,"href":"https:\/\/www.giurgiuveanul.ro\/stiri\/wp-json\/wp\/v2\/comments?post=117688"}],"version-history":[{"count":1,"href":"https:\/\/www.giurgiuveanul.ro\/stiri\/wp-json\/wp\/v2\/posts\/117688\/revisions"}],"predecessor-version":[{"id":117691,"href":"https:\/\/www.giurgiuveanul.ro\/stiri\/wp-json\/wp\/v2\/posts\/117688\/revisions\/117691"}],"wp:attachment":[{"href":"https:\/\/www.giurgiuveanul.ro\/stiri\/wp-json\/wp\/v2\/media?parent=117688"}],"wp:term":[{"taxonomy":"category","embeddable":true,"href":"https:\/\/www.giurgiuveanul.ro\/stiri\/wp-json\/wp\/v2\/categories?post=117688"},{"taxonomy":"post_tag","embeddable":true,"href":"https:\/\/www.giurgiuveanul.ro\/stiri\/wp-json\/wp\/v2\/tags?post=117688"}],"curies":[{"name":"wp","href":"https:\/\/api.w.org\/{rel}","templated":true}]}}