{"id":119903,"date":"2026-01-08T19:19:43","date_gmt":"2026-01-08T17:19:43","guid":{"rendered":"https:\/\/www.giurgiuveanul.ro\/stiri\/?p=119903"},"modified":"2026-01-08T19:21:02","modified_gmt":"2026-01-08T17:21:02","slug":"actiuni-de-deszapezire-si-combatere-a-poleiului-pe-drumurile-judetene-din-giurgiu","status":"publish","type":"post","link":"https:\/\/www.giurgiuveanul.ro\/stiri\/actiuni-de-deszapezire-si-combatere-a-poleiului-pe-drumurile-judetene-din-giurgiu\/","title":{"rendered":"Ac\u021biuni de desz\u0103pezire \u0219i combatere a poleiului pe drumurile jude\u021bene din Giurgiu"},"content":{"rendered":"<p style=\"text-align: justify;\" data-start=\"87\" data-end=\"417\"><a href=\"https:\/\/www.giurgiuveanul.ro\/stiri\/wp-content\/uploads\/2026\/01\/djt-2-.jpg\"><img loading=\"lazy\" decoding=\"async\" class=\"aligncenter wp-image-119904\" src=\"https:\/\/www.giurgiuveanul.ro\/stiri\/wp-content\/uploads\/2026\/01\/djt-2--366x450.jpg\" alt=\"\" width=\"605\" height=\"744\" srcset=\"https:\/\/www.giurgiuveanul.ro\/stiri\/wp-content\/uploads\/2026\/01\/djt-2--366x450.jpg 366w, https:\/\/www.giurgiuveanul.ro\/stiri\/wp-content\/uploads\/2026\/01\/djt-2--244x300.jpg 244w, https:\/\/www.giurgiuveanul.ro\/stiri\/wp-content\/uploads\/2026\/01\/djt-2--768x943.jpg 768w, https:\/\/www.giurgiuveanul.ro\/stiri\/wp-content\/uploads\/2026\/01\/djt-2--400x491.jpg 400w, https:\/\/www.giurgiuveanul.ro\/stiri\/wp-content\/uploads\/2026\/01\/djt-2-.jpg 814w\" sizes=\"auto, (max-width: 605px) 100vw, 605px\" \/><\/a>Angaja\u021bii<!--more--> <strong data-start=\"97\" data-end=\"193\">Direc\u021biei Jude\u021bene de Transport, Administrarea Drumurilor Jude\u021bene \u0219i Control Trafic Giurgiu<\/strong> desf\u0103\u0219oar\u0103, \u00een aceast\u0103 perioad\u0103, ac\u021biuni sus\u021binute pe raza jude\u021bului Giurgiu pentru prevenirea \u0219i combaterea poleiului, \u00een contextul temperaturilor negative \u00eenregistrate \u00een cursul acestei dup\u0103-amiezi \u0219i pe parcursul nop\u021bii.<\/p>\n<p data-start=\"87\" data-end=\"417\"><a href=\"https:\/\/www.giurgiuveanul.ro\/stiri\/wp-content\/uploads\/2026\/01\/dejt-2-.jpg\"><img loading=\"lazy\" decoding=\"async\" class=\"aligncenter  wp-image-119907\" src=\"https:\/\/www.giurgiuveanul.ro\/stiri\/wp-content\/uploads\/2026\/01\/dejt-2--278x450.jpg\" alt=\"\" width=\"592\" height=\"958\" srcset=\"https:\/\/www.giurgiuveanul.ro\/stiri\/wp-content\/uploads\/2026\/01\/dejt-2--278x450.jpg 278w, https:\/\/www.giurgiuveanul.ro\/stiri\/wp-content\/uploads\/2026\/01\/dejt-2--186x300.jpg 186w, https:\/\/www.giurgiuveanul.ro\/stiri\/wp-content\/uploads\/2026\/01\/dejt-2--371x600.jpg 371w, https:\/\/www.giurgiuveanul.ro\/stiri\/wp-content\/uploads\/2026\/01\/dejt-2-.jpg 720w\" sizes=\"auto, (max-width: 592px) 100vw, 592px\" \/><\/a><\/p>\n<p style=\"text-align: justify;\" data-start=\"419\" data-end=\"755\">Pentru men\u021binerea circula\u021biei \u00een condi\u021bii de siguran\u021b\u0103, se ac\u021bioneaz\u0103 cu <strong data-start=\"492\" data-end=\"524\">32 de utilaje de desz\u0103pezire<\/strong>, echipate cu <strong data-start=\"538\" data-end=\"558\">lam\u0103 \u0219i s\u0103r\u0103ri\u021b\u0103<\/strong>, care \u00eempr\u0103\u0219tie material antiderapant pe drumurile jude\u021bene. Interven\u021biile au ca scop prevenirea form\u0103rii poleiului \u0219i asigurarea unui trafic rutier fluent \u0219i sigur pentru participan\u021bii la trafic.<\/p>\n<p style=\"text-align: justify;\" data-start=\"757\" data-end=\"1031\">Directorul Direc\u021biei Jude\u021bene de Transport, Administrarea Drumurilor Jude\u021bene \u0219i Control Trafic Giurgiu, <strong data-start=\"862\" data-end=\"881\">Daniel C\u0103rpu\u0219or<\/strong>, a declarat: <em>\u201eSe ac\u021bioneaz\u0103 pe raza jude\u021bului Giurgiu cu un num\u0103r de 32 de autospeciale prev\u0103zute cu lam\u0103 \u0219i s\u0103r\u0103ri\u021b\u0103 pentru combaterea poleiului.\u201d<\/em><\/p>\n<p style=\"text-align: justify;\" data-start=\"1033\" data-end=\"1377\" data-is-last-node=\"\" data-is-only-node=\"\">Autorit\u0103\u021bile recomand\u0103 conduc\u0103torilor auto s\u0103 circule cu pruden\u021b\u0103, s\u0103 adapteze viteza la condi\u021biile de drum \u0219i s\u0103 se informeze \u00een prealabil asupra st\u0103rii carosabilului, mai ales \u00een condi\u021bii de vreme rece \u0219i temperaturi sc\u0103zute. Interven\u021biile vor continua ori de c\u00e2te ori situa\u021bia o va impune, pentru siguran\u021ba tuturor participan\u021bilor la trafic.<\/p>\n","protected":false},"excerpt":{"rendered":"<p>Angaja\u021bii<\/p>\n","protected":false},"author":1,"featured_media":0,"comment_status":"open","ping_status":"open","sticky":false,"template":"","format":"standard","meta":{"footnotes":""},"categories":[6],"tags":[],"class_list":["post-119903","post","type-post","status-publish","format-standard","hentry","category-breaking-news"],"_links":{"self":[{"href":"https:\/\/www.giurgiuveanul.ro\/stiri\/wp-json\/wp\/v2\/posts\/119903","targetHints":{"allow":["GET"]}}],"collection":[{"href":"https:\/\/www.giurgiuveanul.ro\/stiri\/wp-json\/wp\/v2\/posts"}],"about":[{"href":"https:\/\/www.giurgiuveanul.ro\/stiri\/wp-json\/wp\/v2\/types\/post"}],"author":[{"embeddable":true,"href":"https:\/\/www.giurgiuveanul.ro\/stiri\/wp-json\/wp\/v2\/users\/1"}],"replies":[{"embeddable":true,"href":"https:\/\/www.giurgiuveanul.ro\/stiri\/wp-json\/wp\/v2\/comments?post=119903"}],"version-history":[{"count":3,"href":"https:\/\/www.giurgiuveanul.ro\/stiri\/wp-json\/wp\/v2\/posts\/119903\/revisions"}],"predecessor-version":[{"id":119909,"href":"https:\/\/www.giurgiuveanul.ro\/stiri\/wp-json\/wp\/v2\/posts\/119903\/revisions\/119909"}],"wp:attachment":[{"href":"https:\/\/www.giurgiuveanul.ro\/stiri\/wp-json\/wp\/v2\/media?parent=119903"}],"wp:term":[{"taxonomy":"category","embeddable":true,"href":"https:\/\/www.giurgiuveanul.ro\/stiri\/wp-json\/wp\/v2\/categories?post=119903"},{"taxonomy":"post_tag","embeddable":true,"href":"https:\/\/www.giurgiuveanul.ro\/stiri\/wp-json\/wp\/v2\/tags?post=119903"}],"curies":[{"name":"wp","href":"https:\/\/api.w.org\/{rel}","templated":true}]}}