{"id":121012,"date":"2026-03-10T15:30:38","date_gmt":"2026-03-10T13:30:38","guid":{"rendered":"https:\/\/www.giurgiuveanul.ro\/stiri\/?p=121012"},"modified":"2026-03-10T15:36:00","modified_gmt":"2026-03-10T13:36:00","slug":"restrictie-de-trafic-2","status":"publish","type":"post","link":"https:\/\/www.giurgiuveanul.ro\/stiri\/restrictie-de-trafic-2\/","title":{"rendered":"RESTRIC\u021aIE DE TRAFIC"},"content":{"rendered":"<p style=\"text-align: justify;\"><strong><a href=\"https:\/\/www.giurgiuveanul.ro\/stiri\/wp-content\/uploads\/2026\/03\/00000-restrictie-.jpg\"><img loading=\"lazy\" decoding=\"async\" class=\"aligncenter wp-image-121013\" src=\"https:\/\/www.giurgiuveanul.ro\/stiri\/wp-content\/uploads\/2026\/03\/00000-restrictie--560x369.jpg\" alt=\"\" width=\"577\" height=\"380\" srcset=\"https:\/\/www.giurgiuveanul.ro\/stiri\/wp-content\/uploads\/2026\/03\/00000-restrictie--560x369.jpg 560w, https:\/\/www.giurgiuveanul.ro\/stiri\/wp-content\/uploads\/2026\/03\/00000-restrictie--250x165.jpg 250w, https:\/\/www.giurgiuveanul.ro\/stiri\/wp-content\/uploads\/2026\/03\/00000-restrictie--768x506.jpg 768w, https:\/\/www.giurgiuveanul.ro\/stiri\/wp-content\/uploads\/2026\/03\/00000-restrictie--1536x1011.jpg 1536w, https:\/\/www.giurgiuveanul.ro\/stiri\/wp-content\/uploads\/2026\/03\/00000-restrictie--400x263.jpg 400w, https:\/\/www.giurgiuveanul.ro\/stiri\/wp-content\/uploads\/2026\/03\/00000-restrictie-.jpg 2048w\" sizes=\"auto, (max-width: 577px) 100vw, 577px\" \/><\/a>La data de<!--more--> 12 martie a.c., la Podul peste Dun\u0103re, dintre Giurgiu (Rom\u00e2nia) \u0219i Ruse (Bulgaria), se vor efectua lucr\u0103ri de repara\u021bie a \u00eembr\u0103c\u0103mintei asfaltice, pe partea bulgar\u0103.<\/strong><\/p>\n<p style=\"text-align: justify;\">Preciz\u0103m faptul c\u0103 traficul rutier al autoturismelor, microbuzelor, autocarelor \u015fi al autocamioanelor va fi oprit, \u00een intervalul orar 10.00 \u2013 15.00, pe ambele sensuri de mers.<\/p>\n<p style=\"text-align: justify;\">Astfel, la data de 12 martie a.c., \u00eencep\u00e2nd cu ora 15.00, este planificat\u0103 reluarea circula\u0163iei rutiere pe pod pentru toate mijloacele de transport (autoturisme, microbuze, autocare \u0219i autocamioane).<\/p>\n<p style=\"text-align: justify;\">Inspectoratul de Poli\u021bie Jude\u021bean Giurgiu recomand\u0103 participan\u021bilor la trafic s\u0103 ia m\u0103suri din timp pentru a-\u0219i reconfigura traseul \u00een perioadele men\u021bionate, \u00een func\u021bie de mijlocul de transport, astfel \u00eenc\u00e2t s\u0103 se pre\u00eent\u00e2mpine blocarea zonelor adiacente podului Giurgiu-Ruse sau \u00eent\u00e2rzieri \u0219i timpi mari de a\u0219teptare pentru cei care inten\u021bioneaz\u0103 s\u0103 tranziteze frontiera.<\/p>\n<p style=\"text-align: justify;\">De asemenea, pentru evitarea blocajelor \u0219i reducerea timpului de a\u0219teptare, recomand\u0103m planificarea atent\u0103 a c\u0103l\u0103toriilor \u0219i utilizarea rutelor alternative, dup\u0103 cum urmeaz\u0103:<\/p>\n<p style=\"text-align: justify;\">* Jude\u021bul Dolj: Calafat, Bechet<br \/>\n* Jude\u021bul Teleorman: Zimnicea, Turnu M\u0103gurele<br \/>\n* Jude\u021bul C\u0103l\u0103ra\u0219i: C\u0103l\u0103ra\u0219i<br \/>\n* Jude\u021bul Constan\u021ba: Vama Veche, Ostrov, Negru Vod\u0103, Lipni\u021ba, Dobromir.<\/p>\n","protected":false},"excerpt":{"rendered":"<p>La data de<\/p>\n","protected":false},"author":1,"featured_media":0,"comment_status":"open","ping_status":"open","sticky":false,"template":"","format":"standard","meta":{"footnotes":""},"categories":[6],"tags":[],"class_list":["post-121012","post","type-post","status-publish","format-standard","hentry","category-breaking-news"],"_links":{"self":[{"href":"https:\/\/www.giurgiuveanul.ro\/stiri\/wp-json\/wp\/v2\/posts\/121012","targetHints":{"allow":["GET"]}}],"collection":[{"href":"https:\/\/www.giurgiuveanul.ro\/stiri\/wp-json\/wp\/v2\/posts"}],"about":[{"href":"https:\/\/www.giurgiuveanul.ro\/stiri\/wp-json\/wp\/v2\/types\/post"}],"author":[{"embeddable":true,"href":"https:\/\/www.giurgiuveanul.ro\/stiri\/wp-json\/wp\/v2\/users\/1"}],"replies":[{"embeddable":true,"href":"https:\/\/www.giurgiuveanul.ro\/stiri\/wp-json\/wp\/v2\/comments?post=121012"}],"version-history":[{"count":3,"href":"https:\/\/www.giurgiuveanul.ro\/stiri\/wp-json\/wp\/v2\/posts\/121012\/revisions"}],"predecessor-version":[{"id":121016,"href":"https:\/\/www.giurgiuveanul.ro\/stiri\/wp-json\/wp\/v2\/posts\/121012\/revisions\/121016"}],"wp:attachment":[{"href":"https:\/\/www.giurgiuveanul.ro\/stiri\/wp-json\/wp\/v2\/media?parent=121012"}],"wp:term":[{"taxonomy":"category","embeddable":true,"href":"https:\/\/www.giurgiuveanul.ro\/stiri\/wp-json\/wp\/v2\/categories?post=121012"},{"taxonomy":"post_tag","embeddable":true,"href":"https:\/\/www.giurgiuveanul.ro\/stiri\/wp-json\/wp\/v2\/tags?post=121012"}],"curies":[{"name":"wp","href":"https:\/\/api.w.org\/{rel}","templated":true}]}}