{"id":121019,"date":"2026-03-10T16:10:41","date_gmt":"2026-03-10T14:10:41","guid":{"rendered":"https:\/\/www.giurgiuveanul.ro\/stiri\/?p=121019"},"modified":"2026-03-10T18:24:47","modified_gmt":"2026-03-10T16:24:47","slug":"s-a-stins-din-viata-daniel-marian-marin-director-executiv-adjunct-al-ajofm-giurgiu","status":"publish","type":"post","link":"https:\/\/www.giurgiuveanul.ro\/stiri\/s-a-stins-din-viata-daniel-marian-marin-director-executiv-adjunct-al-ajofm-giurgiu\/","title":{"rendered":"S-a stins din via\u021b\u0103 Daniel Marian Marin, director executiv adjunct al AJOFM Giurgiu\u2026"},"content":{"rendered":"<p style=\"text-align: justify;\"><a href=\"https:\/\/www.giurgiuveanul.ro\/stiri\/wp-content\/uploads\/2026\/03\/fitilu-foto_-scaled.jpg\"><img loading=\"lazy\" decoding=\"async\" class=\"aligncenter wp-image-121020\" src=\"https:\/\/www.giurgiuveanul.ro\/stiri\/wp-content\/uploads\/2026\/03\/fitilu-foto_-560x385.jpg\" alt=\"\" width=\"582\" height=\"400\" srcset=\"https:\/\/www.giurgiuveanul.ro\/stiri\/wp-content\/uploads\/2026\/03\/fitilu-foto_-560x385.jpg 560w, https:\/\/www.giurgiuveanul.ro\/stiri\/wp-content\/uploads\/2026\/03\/fitilu-foto_-250x172.jpg 250w, https:\/\/www.giurgiuveanul.ro\/stiri\/wp-content\/uploads\/2026\/03\/fitilu-foto_-768x528.jpg 768w, https:\/\/www.giurgiuveanul.ro\/stiri\/wp-content\/uploads\/2026\/03\/fitilu-foto_-1536x1056.jpg 1536w, https:\/\/www.giurgiuveanul.ro\/stiri\/wp-content\/uploads\/2026\/03\/fitilu-foto_-2048x1409.jpg 2048w, https:\/\/www.giurgiuveanul.ro\/stiri\/wp-content\/uploads\/2026\/03\/fitilu-foto_-400x275.jpg 400w\" sizes=\"auto, (max-width: 582px) 100vw, 582px\" \/><\/a>Comunitatea din Giurgiu este \u00een doliu<!--more--> dup\u0103 vestea trist\u0103 a trecerii la cele ve\u0219nice a lui <strong>Daniel Marian Marin<\/strong>, director executiv adjunct al AJOFM Giurgiu, <em>la doar 54 de ani<\/em>. Pentru prieteni \u0219i apropia\u021bi, acesta era cunoscut drept \u201eFitilu\u201d.<\/p>\n<p style=\"text-align: justify;\">Dispari\u021bia sa prematur\u0103 a l\u0103sat un gol imens \u00een sufletele celor care l-au cunoscut. Daniel Marian Marin a fost un tat\u0103 devotat, un familist convins, mereu cu z\u00e2mbetul pe buze, dar \u0219i un prieten generos \u0219i loial.<\/p>\n<p style=\"text-align: justify;\">Fiica sa transmite mul\u021bumiri tuturor celor care au fost \u0219i sunt al\u0103turi de cei apropia\u021bi \u00een aceste momente grele. Cei care doresc s\u0103 \u00eei aduc\u0103 un ultim omagiu o pot face p\u00e2n\u0103 m\u00e2ine, la orele pr\u00e2nzului, la Capela Catedralei Episcopale \u201eAdormirea Maicii Domnului\u201d, dup\u0103 care va fi condus pe ultimul drum la Cimitirul \u201dSf. Haralambie\u201d.<\/p>\n<p style=\"text-align: justify;\"><strong>Mesajul conducerii institu\u021biei<\/strong><\/p>\n<p style=\"text-align: justify;\">Vestea trecerii sale \u00een nefiin\u021b\u0103 a fost primit\u0103 cu profund\u0103 triste\u021be \u0219i de colegii din cadrul institu\u021biei. Directorul executiv al AJOFM Giurgiu, <strong>Virgil Peia,<\/strong> a transmis un mesaj de condolean\u021be: \u201eCu profund\u0103 triste\u021be am aflat despre trecerea la cele ve\u0219nice a colegului nostru, Daniel Marian Marin \u2013 director executiv adjunct al AJOFM Giurgiu. \u00cen numele institu\u021biei pe care o conduc \u0219i al meu personal, transmit sincere condolean\u021be familiei \u00eendurerate. Plecarea sa dintre noi reprezint\u0103 o pierdere dureroas\u0103 pentru colectivul nostru, \u00eentruc\u00e2t Daniel Marin a fost un profesionist dedicat, un coleg respectat \u0219i un om deosebit, apreciat de to\u021bi cei care au avut privilegiul de a lucra al\u0103turi de el. \u00cen aceste momente grele, g\u00e2ndurile noastre se \u00eendreapt\u0103 c\u0103tre familie \u0219i c\u0103tre to\u021bi cei care l-au cunoscut \u0219i pre\u021buit. Dumnezeu s\u0103-l odihneasc\u0103 \u00een pace \u0219i s\u0103 ofere celor r\u0103ma\u0219i puterea de a trece peste aceast\u0103 pierdere.\u201d<\/p>\n<p style=\"text-align: justify;\"><em>Dumnezeu s\u0103-l odihneasc\u0103 \u00een pace!<\/em><\/p>\n","protected":false},"excerpt":{"rendered":"<p>Comunitatea din Giurgiu este \u00een doliu<\/p>\n","protected":false},"author":1,"featured_media":0,"comment_status":"open","ping_status":"open","sticky":false,"template":"","format":"standard","meta":{"footnotes":""},"categories":[22],"tags":[],"class_list":["post-121019","post","type-post","status-publish","format-standard","hentry","category-deces"],"_links":{"self":[{"href":"https:\/\/www.giurgiuveanul.ro\/stiri\/wp-json\/wp\/v2\/posts\/121019","targetHints":{"allow":["GET"]}}],"collection":[{"href":"https:\/\/www.giurgiuveanul.ro\/stiri\/wp-json\/wp\/v2\/posts"}],"about":[{"href":"https:\/\/www.giurgiuveanul.ro\/stiri\/wp-json\/wp\/v2\/types\/post"}],"author":[{"embeddable":true,"href":"https:\/\/www.giurgiuveanul.ro\/stiri\/wp-json\/wp\/v2\/users\/1"}],"replies":[{"embeddable":true,"href":"https:\/\/www.giurgiuveanul.ro\/stiri\/wp-json\/wp\/v2\/comments?post=121019"}],"version-history":[{"count":4,"href":"https:\/\/www.giurgiuveanul.ro\/stiri\/wp-json\/wp\/v2\/posts\/121019\/revisions"}],"predecessor-version":[{"id":121024,"href":"https:\/\/www.giurgiuveanul.ro\/stiri\/wp-json\/wp\/v2\/posts\/121019\/revisions\/121024"}],"wp:attachment":[{"href":"https:\/\/www.giurgiuveanul.ro\/stiri\/wp-json\/wp\/v2\/media?parent=121019"}],"wp:term":[{"taxonomy":"category","embeddable":true,"href":"https:\/\/www.giurgiuveanul.ro\/stiri\/wp-json\/wp\/v2\/categories?post=121019"},{"taxonomy":"post_tag","embeddable":true,"href":"https:\/\/www.giurgiuveanul.ro\/stiri\/wp-json\/wp\/v2\/tags?post=121019"}],"curies":[{"name":"wp","href":"https:\/\/api.w.org\/{rel}","templated":true}]}}