{"id":121059,"date":"2026-03-13T09:42:46","date_gmt":"2026-03-13T07:42:46","guid":{"rendered":"https:\/\/www.giurgiuveanul.ro\/stiri\/?p=121059"},"modified":"2026-03-13T09:42:46","modified_gmt":"2026-03-13T07:42:46","slug":"giurgiuvean-cercetat-penal-pentru-savarsirea-mai-multor-infractiuni","status":"publish","type":"post","link":"https:\/\/www.giurgiuveanul.ro\/stiri\/giurgiuvean-cercetat-penal-pentru-savarsirea-mai-multor-infractiuni\/","title":{"rendered":"Giurgiuvean cercetat penal pentru s\u0103v\u00e2r\u0219irea mai multor infrac\u021biuni"},"content":{"rendered":"<p style=\"text-align: justify;\"><strong><a href=\"https:\/\/www.giurgiuveanul.ro\/stiri\/wp-content\/uploads\/2026\/03\/0000-cercetata-penal-.jpg\"><img loading=\"lazy\" decoding=\"async\" class=\"aligncenter  wp-image-121060\" src=\"https:\/\/www.giurgiuveanul.ro\/stiri\/wp-content\/uploads\/2026\/03\/0000-cercetata-penal--395x450.jpg\" alt=\"\" width=\"658\" height=\"750\" srcset=\"https:\/\/www.giurgiuveanul.ro\/stiri\/wp-content\/uploads\/2026\/03\/0000-cercetata-penal--395x450.jpg 395w, https:\/\/www.giurgiuveanul.ro\/stiri\/wp-content\/uploads\/2026\/03\/0000-cercetata-penal--250x285.jpg 250w, https:\/\/www.giurgiuveanul.ro\/stiri\/wp-content\/uploads\/2026\/03\/0000-cercetata-penal--768x875.jpg 768w, https:\/\/www.giurgiuveanul.ro\/stiri\/wp-content\/uploads\/2026\/03\/0000-cercetata-penal--400x456.jpg 400w, https:\/\/www.giurgiuveanul.ro\/stiri\/wp-content\/uploads\/2026\/03\/0000-cercetata-penal-.jpg 1079w\" sizes=\"auto, (max-width: 658px) 100vw, 658px\" \/><\/a>La data de<!--more--> 12 martie a.c., \u00een jurul orei 20.30, poli\u021bi\u0219tii din cadrul Sec\u021biei nr.2 Poli\u021bie Rural\u0103 Comana au fost sesiza\u021bi direct, de c\u0103tre un b\u0103rbat, de 44 de ani, din comuna V\u0103r\u0103\u0219ti, jude\u021bul Giurgiu, cu privire la faptul c\u0103 ar fi fost agresat fizic de c\u0103tre un alt b\u0103rbat.<\/strong><\/p>\n<p style=\"text-align: justify;\">\u00cen temeiul sesiz\u0103rii, la fa\u021ba locului s-au deplasat poli\u021bi\u0219tii sec\u021biei, iar, din primele cercet\u0103ri, a reie\u0219it faptul c\u0103, un b\u0103rbat, de 50 de ani, din comuna V\u0103r\u0103\u0219ti, pe fondul unui conflict spontan, ar fi amenin\u021bat-o pe fiica sa vitreg\u0103, \u0219i, ulterior, ar fi condus un autoturism, f\u0103r\u0103 a poseda permis de conducere.<\/p>\n<p style=\"text-align: justify;\">De asemenea, \u00een urma unei ne\u00een\u021belegeri \u00een trafic, acesta l-ar fi agresat fizic pe apelant, prin aplicarea de lovituri \u00een zona capului.<\/p>\n<p style=\"text-align: justify;\">Totodat\u0103, b\u0103rbatul \u00een cauz\u0103 s-ar fi deplasat \u00een incinta unei societ\u0103\u021bi comerciale, unde ar fi amenin\u021bat \u0219i ar fi adresat injurii unui alt b\u0103rbat, tulbur\u00e2nd astfel ordinea \u0219i lini\u0219tea public\u0103.<\/p>\n<p style=\"text-align: justify;\">Pe baza probatoriului administrat, sub coordonarea procurorului de caz, din cadrul Parchetului de pe l\u00e2ng\u0103 Judec\u0103toria Giurgiu, b\u0103rbatul b\u0103nuit de s\u0103v\u00e2r\u0219irea infrac\u0219iunilor de lovirea sau alte violen\u021be, amenin\u021bare, tulburarea ordinii \u0219i lini\u0219tii publice \u0219i conducerea unui vehicul pe drumurile publice f\u0103r\u0103 a poseda permis de conducere, a fost re\u021binut, pentru 24 de ore.<\/p>\n<p style=\"text-align: justify;\">Ast\u0103zi, 13 martie, acesta va fi prezentat unit\u0103\u021bii de parchet competente, cu propuneri procedurale.<\/p>\n<p>&nbsp;<\/p>\n","protected":false},"excerpt":{"rendered":"<p>La data de<\/p>\n","protected":false},"author":1,"featured_media":0,"comment_status":"open","ping_status":"open","sticky":false,"template":"","format":"standard","meta":{"footnotes":""},"categories":[6],"tags":[],"class_list":["post-121059","post","type-post","status-publish","format-standard","hentry","category-breaking-news"],"_links":{"self":[{"href":"https:\/\/www.giurgiuveanul.ro\/stiri\/wp-json\/wp\/v2\/posts\/121059","targetHints":{"allow":["GET"]}}],"collection":[{"href":"https:\/\/www.giurgiuveanul.ro\/stiri\/wp-json\/wp\/v2\/posts"}],"about":[{"href":"https:\/\/www.giurgiuveanul.ro\/stiri\/wp-json\/wp\/v2\/types\/post"}],"author":[{"embeddable":true,"href":"https:\/\/www.giurgiuveanul.ro\/stiri\/wp-json\/wp\/v2\/users\/1"}],"replies":[{"embeddable":true,"href":"https:\/\/www.giurgiuveanul.ro\/stiri\/wp-json\/wp\/v2\/comments?post=121059"}],"version-history":[{"count":1,"href":"https:\/\/www.giurgiuveanul.ro\/stiri\/wp-json\/wp\/v2\/posts\/121059\/revisions"}],"predecessor-version":[{"id":121061,"href":"https:\/\/www.giurgiuveanul.ro\/stiri\/wp-json\/wp\/v2\/posts\/121059\/revisions\/121061"}],"wp:attachment":[{"href":"https:\/\/www.giurgiuveanul.ro\/stiri\/wp-json\/wp\/v2\/media?parent=121059"}],"wp:term":[{"taxonomy":"category","embeddable":true,"href":"https:\/\/www.giurgiuveanul.ro\/stiri\/wp-json\/wp\/v2\/categories?post=121059"},{"taxonomy":"post_tag","embeddable":true,"href":"https:\/\/www.giurgiuveanul.ro\/stiri\/wp-json\/wp\/v2\/tags?post=121059"}],"curies":[{"name":"wp","href":"https:\/\/api.w.org\/{rel}","templated":true}]}}