{"id":121070,"date":"2026-03-14T09:32:11","date_gmt":"2026-03-14T07:32:11","guid":{"rendered":"https:\/\/www.giurgiuveanul.ro\/stiri\/?p=121070"},"modified":"2026-03-14T09:32:11","modified_gmt":"2026-03-14T07:32:11","slug":"razie-desfasurata-de-sectia-de-politie-rurala-nr-1-calugareni","status":"publish","type":"post","link":"https:\/\/www.giurgiuveanul.ro\/stiri\/razie-desfasurata-de-sectia-de-politie-rurala-nr-1-calugareni\/","title":{"rendered":"Razie desf\u0103\u0219urat\u0103 de Sec\u021bia de Poli\u021bie Rural\u0103 nr.1 C\u0103lug\u0103reni"},"content":{"rendered":"<p style=\"text-align: justify;\"><strong><a href=\"https:\/\/www.giurgiuveanul.ro\/stiri\/wp-content\/uploads\/2026\/03\/0000-RAZIE-DE-NOAPTE-IPJ-GIURGIU-.jpg\"><img loading=\"lazy\" decoding=\"async\" class=\"aligncenter  wp-image-121071\" src=\"https:\/\/www.giurgiuveanul.ro\/stiri\/wp-content\/uploads\/2026\/03\/0000-RAZIE-DE-NOAPTE-IPJ-GIURGIU--560x383.jpg\" alt=\"\" width=\"583\" height=\"399\" srcset=\"https:\/\/www.giurgiuveanul.ro\/stiri\/wp-content\/uploads\/2026\/03\/0000-RAZIE-DE-NOAPTE-IPJ-GIURGIU--560x383.jpg 560w, https:\/\/www.giurgiuveanul.ro\/stiri\/wp-content\/uploads\/2026\/03\/0000-RAZIE-DE-NOAPTE-IPJ-GIURGIU--250x171.jpg 250w, https:\/\/www.giurgiuveanul.ro\/stiri\/wp-content\/uploads\/2026\/03\/0000-RAZIE-DE-NOAPTE-IPJ-GIURGIU--768x526.jpg 768w, https:\/\/www.giurgiuveanul.ro\/stiri\/wp-content\/uploads\/2026\/03\/0000-RAZIE-DE-NOAPTE-IPJ-GIURGIU--400x274.jpg 400w, https:\/\/www.giurgiuveanul.ro\/stiri\/wp-content\/uploads\/2026\/03\/0000-RAZIE-DE-NOAPTE-IPJ-GIURGIU-.jpg 900w\" sizes=\"auto, (max-width: 583px) 100vw, 583px\" \/><\/a>La data de<!--more--> 13 martie a.c., \u00een intervalul orar 16.00-21.30, poli\u021bi\u0219tii din cadrul Sec\u021biei de Poli\u021bie Rural\u0103 nr. 1 C\u0103lug\u0103reni, au desf\u0103\u0219urat o ac\u021biune, \u00een zona de competen\u021b\u0103, av\u00e2nd ca scop prevenirea \u0219i combaterea faptelor antisociale \u0219i asigurarea siguran\u021bei cet\u0103\u021benilor.<\/strong><\/p>\n<p style=\"text-align: justify;\">Activit\u0103\u021bile au vizat prevenirea faptelor comise cu violen\u021b\u0103, a faptelor contra patrimoniului, prevenirea consumului \u0219i traficului de substan\u021be susceptibile a avea efecte psihoactive \u0219i men\u021binerea unui climat optim de ordine \u0219i siguran\u021b\u0103 public\u0103.<\/p>\n<p style=\"text-align: justify;\">\u00cen cadrul activit\u0103\u0163ilor derulate, au fost legitimate aproximativ 210 persoane \u0219i au fost verificate 170 de autovehicule, 12 societ\u0103\u021bi comerciale \u0219i patru agen\u021bi de securitate.<\/p>\n<p style=\"text-align: justify;\">Pentru neregulile constatate, poli\u021bi\u0219tii au aplicat 44 de sanc\u0163iuni contraven\u0163ionale, \u00een valoare total\u0103 de 11.420 de lei, trei dintre acestea fiind aplicate pentru nerespectarea prevederilor Legii nr. 61\/1991 pentru sanc\u021bionarea faptelor de \u00eenc\u0103lcare a unor norme de convie\u021buire social\u0103, a ordinii \u0219i lini\u0219tii publice, trei pentru nerespectarea prevederilor H.G. 301\/2012 pentru aprobarea Normelor metodologice de aplicare a Legii nr. 333\/2003 privond paza obiectivelor, bunurilor, valorilor \u0219i protec\u021bia persoanelor \u0219i 34 pentru nerespectarea prevederilor O.U.G.195\/2002 privind circula\u021bia pe drumurile publice.<\/p>\n<p style=\"text-align: justify;\">\u00cen cadrul ac\u021biunii, poli\u021bistii au depistat \u00een flagrant delict o infrac\u021biune rutier\u0103 (conducerea unui vehicul f\u0103r\u0103 a poseda permis de conducere).<\/p>\n<p style=\"text-align: justify;\">De asemenea, au fost oprite din a circula pe drumurile publice cinci vehicule care nu prezentau siguran\u021b\u0103 \u00een trafic.<\/p>\n<p style=\"text-align: justify;\">Astfel, certificatele de \u00eenmatriculare ale acestora au fost retrase p\u00e2n\u0103 la remedierea problemelor constatate.<\/p>\n<p style=\"text-align: justify;\">Totodat\u0103, au fost retrase patru seturi de pl\u0103cu\u021be de \u00eenmatriculare \u0219i a fost re\u021binut\u0103 o carte auto.<\/p>\n<p style=\"text-align: justify;\">Poli\u021bi\u0219tii Inspectoratului de Poli\u021bie Jude\u021bean Giurgiu vor lua, \u00een continuare, toate m\u0103surile necesare pentru protejarea cet\u0103\u021benilor \u0219i men\u021binerea ordinii publice.<\/p>\n","protected":false},"excerpt":{"rendered":"<p>La data de<\/p>\n","protected":false},"author":1,"featured_media":0,"comment_status":"open","ping_status":"open","sticky":false,"template":"","format":"standard","meta":{"footnotes":""},"categories":[6],"tags":[],"class_list":["post-121070","post","type-post","status-publish","format-standard","hentry","category-breaking-news"],"_links":{"self":[{"href":"https:\/\/www.giurgiuveanul.ro\/stiri\/wp-json\/wp\/v2\/posts\/121070","targetHints":{"allow":["GET"]}}],"collection":[{"href":"https:\/\/www.giurgiuveanul.ro\/stiri\/wp-json\/wp\/v2\/posts"}],"about":[{"href":"https:\/\/www.giurgiuveanul.ro\/stiri\/wp-json\/wp\/v2\/types\/post"}],"author":[{"embeddable":true,"href":"https:\/\/www.giurgiuveanul.ro\/stiri\/wp-json\/wp\/v2\/users\/1"}],"replies":[{"embeddable":true,"href":"https:\/\/www.giurgiuveanul.ro\/stiri\/wp-json\/wp\/v2\/comments?post=121070"}],"version-history":[{"count":1,"href":"https:\/\/www.giurgiuveanul.ro\/stiri\/wp-json\/wp\/v2\/posts\/121070\/revisions"}],"predecessor-version":[{"id":121072,"href":"https:\/\/www.giurgiuveanul.ro\/stiri\/wp-json\/wp\/v2\/posts\/121070\/revisions\/121072"}],"wp:attachment":[{"href":"https:\/\/www.giurgiuveanul.ro\/stiri\/wp-json\/wp\/v2\/media?parent=121070"}],"wp:term":[{"taxonomy":"category","embeddable":true,"href":"https:\/\/www.giurgiuveanul.ro\/stiri\/wp-json\/wp\/v2\/categories?post=121070"},{"taxonomy":"post_tag","embeddable":true,"href":"https:\/\/www.giurgiuveanul.ro\/stiri\/wp-json\/wp\/v2\/tags?post=121070"}],"curies":[{"name":"wp","href":"https:\/\/api.w.org\/{rel}","templated":true}]}}