{"id":121073,"date":"2026-03-15T12:05:57","date_gmt":"2026-03-15T10:05:57","guid":{"rendered":"https:\/\/www.giurgiuveanul.ro\/stiri\/?p=121073"},"modified":"2026-03-15T12:05:57","modified_gmt":"2026-03-15T10:05:57","slug":"apel-la-responsabilitate-prevenirea-incendiilor-de-vegetatie-uscata","status":"publish","type":"post","link":"https:\/\/www.giurgiuveanul.ro\/stiri\/apel-la-responsabilitate-prevenirea-incendiilor-de-vegetatie-uscata\/","title":{"rendered":"Apel la responsabilitate: prevenirea incendiilor de vegeta\u021bie uscat\u0103"},"content":{"rendered":"<p style=\"text-align: justify;\"><a href=\"https:\/\/www.giurgiuveanul.ro\/stiri\/wp-content\/uploads\/2026\/03\/0000-apel-.jpg\"><img loading=\"lazy\" decoding=\"async\" class=\"aligncenter  wp-image-121074\" src=\"https:\/\/www.giurgiuveanul.ro\/stiri\/wp-content\/uploads\/2026\/03\/0000-apel--560x434.jpg\" alt=\"\" width=\"652\" height=\"505\" srcset=\"https:\/\/www.giurgiuveanul.ro\/stiri\/wp-content\/uploads\/2026\/03\/0000-apel--560x434.jpg 560w, https:\/\/www.giurgiuveanul.ro\/stiri\/wp-content\/uploads\/2026\/03\/0000-apel--250x194.jpg 250w, https:\/\/www.giurgiuveanul.ro\/stiri\/wp-content\/uploads\/2026\/03\/0000-apel--768x595.jpg 768w, https:\/\/www.giurgiuveanul.ro\/stiri\/wp-content\/uploads\/2026\/03\/0000-apel--400x310.jpg 400w, https:\/\/www.giurgiuveanul.ro\/stiri\/wp-content\/uploads\/2026\/03\/0000-apel-.jpg 800w\" sizes=\"auto, (max-width: 652px) 100vw, 652px\" \/><\/a>An de an, \u00een special<!--more--> prim\u0103vara \u015fi toamna, incendiile de miri\u0219te \u0219i de vegeta\u021bie uscat\u0103 afecteaz\u0103 sute de hectare de teren \u0219i pun \u00een pericol via\u021ba oamenilor, locuin\u021bele, p\u0103durile, re\u021belele de distribu\u021bie a energiei electrice \u0219i c\u0103ile de comunica\u021bie. Peste 650 de astfel de incendii s-au \u00eenregistrat, anul trecut, \u00een zona de competen\u021b\u0103 a ISU Giurgiu.<\/p>\n<p style=\"text-align: justify;\">De cele mai multe ori, aceste incendii sunt provocate de igienizarea terenurilor sau a gr\u0103dinilor prin utilizarea focului deschis.<\/p>\n<p style=\"text-align: justify;\">\u00cen vederea diminu\u0103rii num\u0103rului de incendii de vegeta\u021bie uscat\u0103, \u0219i \u00een acest an vor fi transmise tuturor Serviciilor Voluntare pentru Situa\u021bii de Urgen\u021b\u0103 m\u0103suri de prevenire \u0219i reguli ce trebuie respectate de membrii comunit\u0103\u021bilor locale.<\/p>\n<p style=\"text-align: justify;\">Reamintim c\u0103 arderea vegeta\u021biei este interzis\u0103 prin lege. \u00cen condi\u021bii de v\u00e2nt, focul se poate extinde rapid \u0219i poate ajunge \u00een apropierea locuin\u021belor sau a zonelor \u00eemp\u0103durite. De asemenea, fumul dens poate reduce vizibilitatea pe drumurile publice, cresc\u00e2nd riscul producerii unor accidente rutiere.<\/p>\n<p style=\"text-align: justify;\">Dac\u0103 observa\u021bi izbucnirea unui astfel de incendiu, apela\u021bi de urgen\u021b\u0103 num\u0103rul 112 \u0219i transmite\u021bi c\u00e2t mai clar informa\u021biile despre locul \u00een care se manifest\u0103 incendiul.<\/p>\n<p style=\"text-align: justify;\"><em>Informare preventiv\u0103<\/em><\/p>\n<p style=\"text-align: justify;\">Pentru a preveni producerea incendiilor de vegeta\u021bie uscat\u0103, pompierii reamintesc cet\u0103\u021benilor urm\u0103toarele m\u0103suri de siguran\u021b\u0103:<\/p>\n<ul style=\"text-align: justify;\">\n<li>nu utiliza\u021bi focul deschis pentru igienizarea terenurilor;<\/li>\n<li>nu arunca\u021bi resturi de \u021big\u0103ri sau chibrituri aprinse pe c\u00e2mp sau la marginea drumurilor;<\/li>\n<li>supraveghea\u021bi permanent focul dac\u0103 aprinde\u021bi gr\u0103tare sau alte surse de flac\u0103r\u0103 \u00een aer liber.<\/li>\n<\/ul>\n<p style=\"text-align: justify;\">Informa\u021bii despre modul de comportare \u00een cazul producerii unor situa\u021bii de urgen\u021b\u0103 pot fi ob\u021binute prin accesarea platformei na\u021bionale de preg\u0103tire <a href=\"https:\/\/fiipregatit.ro\">https:\/\/fiipregatit.ro<\/a> \u0219i din aplica\u021bia de mobil DSU care poate fi desc\u0103rcat\u0103 gratuit din App Store \u0219i Google Play.<\/p>\n<p style=\"text-align: center;\"><em><strong>Compartimentul Informare \u0219i Rela\u021bii Publice &#8211; ISU Giurgiu<\/strong><\/em><\/p>\n","protected":false},"excerpt":{"rendered":"<p>An de an, \u00een special<\/p>\n","protected":false},"author":1,"featured_media":0,"comment_status":"open","ping_status":"open","sticky":false,"template":"","format":"standard","meta":{"footnotes":""},"categories":[6],"tags":[],"class_list":["post-121073","post","type-post","status-publish","format-standard","hentry","category-breaking-news"],"_links":{"self":[{"href":"https:\/\/www.giurgiuveanul.ro\/stiri\/wp-json\/wp\/v2\/posts\/121073","targetHints":{"allow":["GET"]}}],"collection":[{"href":"https:\/\/www.giurgiuveanul.ro\/stiri\/wp-json\/wp\/v2\/posts"}],"about":[{"href":"https:\/\/www.giurgiuveanul.ro\/stiri\/wp-json\/wp\/v2\/types\/post"}],"author":[{"embeddable":true,"href":"https:\/\/www.giurgiuveanul.ro\/stiri\/wp-json\/wp\/v2\/users\/1"}],"replies":[{"embeddable":true,"href":"https:\/\/www.giurgiuveanul.ro\/stiri\/wp-json\/wp\/v2\/comments?post=121073"}],"version-history":[{"count":1,"href":"https:\/\/www.giurgiuveanul.ro\/stiri\/wp-json\/wp\/v2\/posts\/121073\/revisions"}],"predecessor-version":[{"id":121075,"href":"https:\/\/www.giurgiuveanul.ro\/stiri\/wp-json\/wp\/v2\/posts\/121073\/revisions\/121075"}],"wp:attachment":[{"href":"https:\/\/www.giurgiuveanul.ro\/stiri\/wp-json\/wp\/v2\/media?parent=121073"}],"wp:term":[{"taxonomy":"category","embeddable":true,"href":"https:\/\/www.giurgiuveanul.ro\/stiri\/wp-json\/wp\/v2\/categories?post=121073"},{"taxonomy":"post_tag","embeddable":true,"href":"https:\/\/www.giurgiuveanul.ro\/stiri\/wp-json\/wp\/v2\/tags?post=121073"}],"curies":[{"name":"wp","href":"https:\/\/api.w.org\/{rel}","templated":true}]}}