{"id":121080,"date":"2026-03-15T12:39:25","date_gmt":"2026-03-15T10:39:25","guid":{"rendered":"https:\/\/www.giurgiuveanul.ro\/stiri\/?p=121080"},"modified":"2026-03-15T12:39:25","modified_gmt":"2026-03-15T10:39:25","slug":"tanar-cercetat-penal-pentru-savarsirea-unei-infractiuni-rutiere","status":"publish","type":"post","link":"https:\/\/www.giurgiuveanul.ro\/stiri\/tanar-cercetat-penal-pentru-savarsirea-unei-infractiuni-rutiere\/","title":{"rendered":"T\u00e2n\u0103r cercetat penal pentru s\u0103v\u00e2r\u0219irea unei infrac\u021biuni rutiere"},"content":{"rendered":"<p style=\"text-align: justify;\"><strong><a href=\"https:\/\/www.giurgiuveanul.ro\/stiri\/wp-content\/uploads\/2026\/03\/0000-TANAR-CERCETAT-PENAL-.jpg\"><img loading=\"lazy\" decoding=\"async\" class=\"aligncenter  wp-image-121081\" src=\"https:\/\/www.giurgiuveanul.ro\/stiri\/wp-content\/uploads\/2026\/03\/0000-TANAR-CERCETAT-PENAL--416x450.jpg\" alt=\"\" width=\"636\" height=\"688\" srcset=\"https:\/\/www.giurgiuveanul.ro\/stiri\/wp-content\/uploads\/2026\/03\/0000-TANAR-CERCETAT-PENAL--416x450.jpg 416w, https:\/\/www.giurgiuveanul.ro\/stiri\/wp-content\/uploads\/2026\/03\/0000-TANAR-CERCETAT-PENAL--250x271.jpg 250w, https:\/\/www.giurgiuveanul.ro\/stiri\/wp-content\/uploads\/2026\/03\/0000-TANAR-CERCETAT-PENAL--768x831.jpg 768w, https:\/\/www.giurgiuveanul.ro\/stiri\/wp-content\/uploads\/2026\/03\/0000-TANAR-CERCETAT-PENAL--400x433.jpg 400w, https:\/\/www.giurgiuveanul.ro\/stiri\/wp-content\/uploads\/2026\/03\/0000-TANAR-CERCETAT-PENAL-.jpg 1017w\" sizes=\"auto, (max-width: 636px) 100vw, 636px\" \/><\/a>La data de<!--more--> 10 martie a.c., ora 23.30, poli\u021bi\u0219tii din cadrul Forma\u021biunii Rutiere- Poli\u021bia ora\u0219 Bolintin Vale, \u00een timp ce se aflau \u00een exercitarea atribu\u021biilor de serviciu, pe D.J.404, \u00een afara localit\u0103\u021bii Dr\u0103g\u0103neasca, au depistat \u00een flagrant delict, un t\u00e2n\u0103r, de 24 de ani, din comuna Flore\u0219ti-Stoene\u0219ti, jude\u021bul Giurgiu, \u00een timp ce conducea un autoturism &#8211; informeaz\u0103 IPJ Giurgiu.<\/strong><\/p>\n<p style=\"text-align: justify;\">\u00cen urma verific\u0103rilor efectuate, s-a constatat faptul c\u0103 acesta avea suspendat\u0103 exercitarea dreptului de a conduce vehicule pe drumurile publice \u0219i se afla sub m\u0103sura preventiv\u0103 a controlului judiciar, din luna noiembrie 2025.<\/p>\n<p style=\"text-align: justify;\">T\u00e2n\u0103rul \u00een cauz\u0103 a refuzat testarea cu aparatul etilotest, fiind condus la o unitate spitaliceasc\u0103, pentru recoltarea probelor biologice de s\u00e2nge, \u00een vederea stabilirii cu exactitate a alcoolemiei.<\/p>\n<p style=\"text-align: justify;\">La data de 12 martie a.c., pe baza probatoriului administrat, sub coordonarea procurorului de caz din cadrul Parchetului de pe l\u00e2ng\u0103 Judec\u0103toria Bolintin Vale, acesta a fost re\u021binut, pentru 24 de ore.<\/p>\n<p style=\"text-align: justify;\">Ast\u0103zi, 13 martie, unitatea de parchet competent\u0103 a dispus, fa\u021b\u0103 de t\u00e2n\u0103rul \u00een cauz\u0103, m\u0103sura controlului judiciar, pentru 60 de zile.<\/p>\n","protected":false},"excerpt":{"rendered":"<p>La data de<\/p>\n","protected":false},"author":1,"featured_media":0,"comment_status":"open","ping_status":"open","sticky":false,"template":"","format":"standard","meta":{"footnotes":""},"categories":[6],"tags":[],"class_list":["post-121080","post","type-post","status-publish","format-standard","hentry","category-breaking-news"],"_links":{"self":[{"href":"https:\/\/www.giurgiuveanul.ro\/stiri\/wp-json\/wp\/v2\/posts\/121080","targetHints":{"allow":["GET"]}}],"collection":[{"href":"https:\/\/www.giurgiuveanul.ro\/stiri\/wp-json\/wp\/v2\/posts"}],"about":[{"href":"https:\/\/www.giurgiuveanul.ro\/stiri\/wp-json\/wp\/v2\/types\/post"}],"author":[{"embeddable":true,"href":"https:\/\/www.giurgiuveanul.ro\/stiri\/wp-json\/wp\/v2\/users\/1"}],"replies":[{"embeddable":true,"href":"https:\/\/www.giurgiuveanul.ro\/stiri\/wp-json\/wp\/v2\/comments?post=121080"}],"version-history":[{"count":1,"href":"https:\/\/www.giurgiuveanul.ro\/stiri\/wp-json\/wp\/v2\/posts\/121080\/revisions"}],"predecessor-version":[{"id":121082,"href":"https:\/\/www.giurgiuveanul.ro\/stiri\/wp-json\/wp\/v2\/posts\/121080\/revisions\/121082"}],"wp:attachment":[{"href":"https:\/\/www.giurgiuveanul.ro\/stiri\/wp-json\/wp\/v2\/media?parent=121080"}],"wp:term":[{"taxonomy":"category","embeddable":true,"href":"https:\/\/www.giurgiuveanul.ro\/stiri\/wp-json\/wp\/v2\/categories?post=121080"},{"taxonomy":"post_tag","embeddable":true,"href":"https:\/\/www.giurgiuveanul.ro\/stiri\/wp-json\/wp\/v2\/tags?post=121080"}],"curies":[{"name":"wp","href":"https:\/\/api.w.org\/{rel}","templated":true}]}}