{"id":121127,"date":"2026-03-18T09:29:45","date_gmt":"2026-03-18T07:29:45","guid":{"rendered":"https:\/\/www.giurgiuveanul.ro\/stiri\/?p=121127"},"modified":"2026-03-18T11:11:54","modified_gmt":"2026-03-18T09:11:54","slug":"eveniment-rutier-produs-azi-noapte-pe-soseaua-bucuresti-la-iesire-din-municipiul-giurgiu","status":"publish","type":"post","link":"https:\/\/www.giurgiuveanul.ro\/stiri\/eveniment-rutier-produs-azi-noapte-pe-soseaua-bucuresti-la-iesire-din-municipiul-giurgiu\/","title":{"rendered":"Eveniment rutier produs azi-noapte, pe \u0219oseaua Bucure\u0219ti, la ie\u0219ire din municipiul Giurgiu"},"content":{"rendered":"<p style=\"text-align: justify;\"><strong><a href=\"https:\/\/www.giurgiuveanul.ro\/stiri\/wp-content\/uploads\/2026\/03\/accident-azi-noapte.jpg\"><img loading=\"lazy\" decoding=\"async\" class=\"aligncenter wp-image-121128\" src=\"https:\/\/www.giurgiuveanul.ro\/stiri\/wp-content\/uploads\/2026\/03\/accident-azi-noapte-560x384.jpg\" alt=\"\" width=\"678\" height=\"465\" srcset=\"https:\/\/www.giurgiuveanul.ro\/stiri\/wp-content\/uploads\/2026\/03\/accident-azi-noapte-560x384.jpg 560w, https:\/\/www.giurgiuveanul.ro\/stiri\/wp-content\/uploads\/2026\/03\/accident-azi-noapte-250x171.jpg 250w, https:\/\/www.giurgiuveanul.ro\/stiri\/wp-content\/uploads\/2026\/03\/accident-azi-noapte-768x526.jpg 768w, https:\/\/www.giurgiuveanul.ro\/stiri\/wp-content\/uploads\/2026\/03\/accident-azi-noapte-1536x1052.jpg 1536w, https:\/\/www.giurgiuveanul.ro\/stiri\/wp-content\/uploads\/2026\/03\/accident-azi-noapte-400x274.jpg 400w, https:\/\/www.giurgiuveanul.ro\/stiri\/wp-content\/uploads\/2026\/03\/accident-azi-noapte.jpg 1558w\" sizes=\"auto, (max-width: 678px) 100vw, 678px\" \/><\/a>Pompierii<!--more--> au intervenit, azi-noapte, la un eveniment rutier ce s-a produs pe \u0219oseaua Bucure\u0219ti, la ie\u0219ire din municipiul Giurgiu. \u00cen accident a fost implicat un microbuz, g\u0103sit r\u0103sturnat \u00een afara p\u0103r\u021bii carosabile &#8211; informeaz\u0103 ISU Giurgiu.<\/strong><\/p>\n<p style=\"text-align: justify;\">La fa\u021ba locului s-au deplasat o autospecial\u0103 de stingere, o descarcerare, ambulan\u021b\u0103 SMURD, o ambulan\u021b\u0103 SAJ, poli\u021bia \u0219i un echipaj al societ\u0103\u021bii de furnizare a energiei electrice, \u00eentruc\u00e2t \u00een urma impactului a fost avariat un st\u00e2lp.<\/p>\n<p style=\"text-align: justify;\">Nou\u0103 persoane s-au autoevacuat \u0219i nu au avut nevoie de \u00eengrijiri medicale.<\/p>\n<p style=\"text-align: justify;\">Pompierii au asigurat m\u0103surile de prevenire a incendiilor prin deconectarea bornelor de la bateria autovehiculului.<\/p>\n","protected":false},"excerpt":{"rendered":"<p>Pompierii<\/p>\n","protected":false},"author":1,"featured_media":0,"comment_status":"open","ping_status":"open","sticky":false,"template":"","format":"standard","meta":{"footnotes":""},"categories":[6],"tags":[],"class_list":["post-121127","post","type-post","status-publish","format-standard","hentry","category-breaking-news"],"_links":{"self":[{"href":"https:\/\/www.giurgiuveanul.ro\/stiri\/wp-json\/wp\/v2\/posts\/121127","targetHints":{"allow":["GET"]}}],"collection":[{"href":"https:\/\/www.giurgiuveanul.ro\/stiri\/wp-json\/wp\/v2\/posts"}],"about":[{"href":"https:\/\/www.giurgiuveanul.ro\/stiri\/wp-json\/wp\/v2\/types\/post"}],"author":[{"embeddable":true,"href":"https:\/\/www.giurgiuveanul.ro\/stiri\/wp-json\/wp\/v2\/users\/1"}],"replies":[{"embeddable":true,"href":"https:\/\/www.giurgiuveanul.ro\/stiri\/wp-json\/wp\/v2\/comments?post=121127"}],"version-history":[{"count":4,"href":"https:\/\/www.giurgiuveanul.ro\/stiri\/wp-json\/wp\/v2\/posts\/121127\/revisions"}],"predecessor-version":[{"id":121132,"href":"https:\/\/www.giurgiuveanul.ro\/stiri\/wp-json\/wp\/v2\/posts\/121127\/revisions\/121132"}],"wp:attachment":[{"href":"https:\/\/www.giurgiuveanul.ro\/stiri\/wp-json\/wp\/v2\/media?parent=121127"}],"wp:term":[{"taxonomy":"category","embeddable":true,"href":"https:\/\/www.giurgiuveanul.ro\/stiri\/wp-json\/wp\/v2\/categories?post=121127"},{"taxonomy":"post_tag","embeddable":true,"href":"https:\/\/www.giurgiuveanul.ro\/stiri\/wp-json\/wp\/v2\/tags?post=121127"}],"curies":[{"name":"wp","href":"https:\/\/api.w.org\/{rel}","templated":true}]}}