{"id":121626,"date":"2026-04-12T14:42:56","date_gmt":"2026-04-12T11:42:56","guid":{"rendered":"https:\/\/www.giurgiuveanul.ro\/stiri\/?p=121626"},"modified":"2026-04-12T14:42:56","modified_gmt":"2026-04-12T11:42:56","slug":"marian-negru-primarul-comunei-letca-noua-mesaj-de-sfintele-pasti-4","status":"publish","type":"post","link":"https:\/\/www.giurgiuveanul.ro\/stiri\/marian-negru-primarul-comunei-letca-noua-mesaj-de-sfintele-pasti-4\/","title":{"rendered":"Marian Negru, primarul comunei Letca Nou\u0103, mesaj de Sfintele Pa\u015fti!"},"content":{"rendered":"<p><a href=\"https:\/\/www.giurgiuveanul.ro\/stiri\/wp-content\/uploads\/2025\/12\/339563615_1305257810027574_1925719205117893104_n-540x450-1.jpg\"><img loading=\"lazy\" decoding=\"async\" class=\"aligncenter  wp-image-119629\" src=\"https:\/\/www.giurgiuveanul.ro\/stiri\/wp-content\/uploads\/2025\/12\/339563615_1305257810027574_1925719205117893104_n-540x450-1.jpg\" alt=\"\" width=\"786\" height=\"655\" srcset=\"https:\/\/www.giurgiuveanul.ro\/stiri\/wp-content\/uploads\/2025\/12\/339563615_1305257810027574_1925719205117893104_n-540x450-1.jpg 540w, https:\/\/www.giurgiuveanul.ro\/stiri\/wp-content\/uploads\/2025\/12\/339563615_1305257810027574_1925719205117893104_n-540x450-1-250x208.jpg 250w, https:\/\/www.giurgiuveanul.ro\/stiri\/wp-content\/uploads\/2025\/12\/339563615_1305257810027574_1925719205117893104_n-540x450-1-400x333.jpg 400w\" sizes=\"auto, (max-width: 786px) 100vw, 786px\" \/><\/a>\u00cenvierea Domnului<!--more--> este s\u0103rb\u0103toarea care ne reaminte\u0219te c\u0103 for\u021ba noastr\u0103 st\u0103 \u00een iubirea fa\u021b\u0103 de aproape \u0219i \u00een unitate.<\/p>\n<p>Este momentul \u00een care l\u0103s\u0103m deoparte grijile pentru a ne bucura de c\u0103ldura c\u0103minului.<\/p>\n<p>Munca noastr\u0103 pentru modernizarea comunei Letca Nou\u0103 continu\u0103, av\u00e2nd ca scop un loc unde copiii s\u0103 creasc\u0103 cu m\u00e2ndrie.<\/p>\n<p>V\u0103 doresc ca lumina sf\u00e2nt\u0103 s\u0103 v\u0103 intre \u00een case \u0219i s\u0103 v\u0103 aduc\u0103 lini\u0219te, s\u0103n\u0103tate \u0219i bel\u0219ug.<\/p>\n<p>S\u0103 primi\u021bi bucuria \u00cenvierii cu inima deschis\u0103.<\/p>\n<p><em>Pa\u0219te fericit \u0219i binecuv\u00e2ntat tuturor!<\/em><\/p>\n","protected":false},"excerpt":{"rendered":"<p>\u00cenvierea Domnului<\/p>\n","protected":false},"author":1,"featured_media":0,"comment_status":"open","ping_status":"open","sticky":false,"template":"","format":"standard","meta":{"footnotes":""},"categories":[4],"tags":[],"class_list":["post-121626","post","type-post","status-publish","format-standard","hentry","category-special"],"_links":{"self":[{"href":"https:\/\/www.giurgiuveanul.ro\/stiri\/wp-json\/wp\/v2\/posts\/121626","targetHints":{"allow":["GET"]}}],"collection":[{"href":"https:\/\/www.giurgiuveanul.ro\/stiri\/wp-json\/wp\/v2\/posts"}],"about":[{"href":"https:\/\/www.giurgiuveanul.ro\/stiri\/wp-json\/wp\/v2\/types\/post"}],"author":[{"embeddable":true,"href":"https:\/\/www.giurgiuveanul.ro\/stiri\/wp-json\/wp\/v2\/users\/1"}],"replies":[{"embeddable":true,"href":"https:\/\/www.giurgiuveanul.ro\/stiri\/wp-json\/wp\/v2\/comments?post=121626"}],"version-history":[{"count":1,"href":"https:\/\/www.giurgiuveanul.ro\/stiri\/wp-json\/wp\/v2\/posts\/121626\/revisions"}],"predecessor-version":[{"id":121627,"href":"https:\/\/www.giurgiuveanul.ro\/stiri\/wp-json\/wp\/v2\/posts\/121626\/revisions\/121627"}],"wp:attachment":[{"href":"https:\/\/www.giurgiuveanul.ro\/stiri\/wp-json\/wp\/v2\/media?parent=121626"}],"wp:term":[{"taxonomy":"category","embeddable":true,"href":"https:\/\/www.giurgiuveanul.ro\/stiri\/wp-json\/wp\/v2\/categories?post=121626"},{"taxonomy":"post_tag","embeddable":true,"href":"https:\/\/www.giurgiuveanul.ro\/stiri\/wp-json\/wp\/v2\/tags?post=121626"}],"curies":[{"name":"wp","href":"https:\/\/api.w.org\/{rel}","templated":true}]}}