{"id":121628,"date":"2026-04-12T14:46:54","date_gmt":"2026-04-12T11:46:54","guid":{"rendered":"https:\/\/www.giurgiuveanul.ro\/stiri\/?p=121628"},"modified":"2026-04-12T14:46:54","modified_gmt":"2026-04-12T11:46:54","slug":"fabian-tirca-primarul-comunei-oinacu-mesaj-de-sfintele-pasti-3","status":"publish","type":"post","link":"https:\/\/www.giurgiuveanul.ro\/stiri\/fabian-tirca-primarul-comunei-oinacu-mesaj-de-sfintele-pasti-3\/","title":{"rendered":"Fabian \u021a\u00eerc\u0103, primarul comunei Oinacu, mesaj de Sfintele Pa\u015fti!"},"content":{"rendered":"<p style=\"text-align: justify;\"><a href=\"https:\/\/www.giurgiuveanul.ro\/stiri\/wp-content\/uploads\/2025\/12\/IMG_8917.jpg\"><img loading=\"lazy\" decoding=\"async\" class=\"aligncenter  wp-image-119656\" src=\"https:\/\/www.giurgiuveanul.ro\/stiri\/wp-content\/uploads\/2025\/12\/IMG_8917-560x399.jpg\" alt=\"\" width=\"689\" height=\"491\" srcset=\"https:\/\/www.giurgiuveanul.ro\/stiri\/wp-content\/uploads\/2025\/12\/IMG_8917-560x399.jpg 560w, https:\/\/www.giurgiuveanul.ro\/stiri\/wp-content\/uploads\/2025\/12\/IMG_8917-250x178.jpg 250w, https:\/\/www.giurgiuveanul.ro\/stiri\/wp-content\/uploads\/2025\/12\/IMG_8917-768x547.jpg 768w, https:\/\/www.giurgiuveanul.ro\/stiri\/wp-content\/uploads\/2025\/12\/IMG_8917-400x285.jpg 400w, https:\/\/www.giurgiuveanul.ro\/stiri\/wp-content\/uploads\/2025\/12\/IMG_8917.jpg 1500w\" sizes=\"auto, (max-width: 689px) 100vw, 689px\" \/><\/a>\u00cenvierea Domnului<!--more-->este s\u0103rb\u0103toarea care ne reune\u0219te sub semnul speran\u021bei \u0219i al iubirii cre\u0219tine.<\/p>\n<p style=\"text-align: justify;\">L\u0103s\u0103m deoparte grijile pentru a ne bucura de c\u0103ldura familiei \u0219i de lumina sf\u00e2nt\u0103 care ne c\u0103l\u0103uze\u0219te spre bun\u0103tate.<\/p>\n<p style=\"text-align: justify;\">Munca noastr\u0103 continu\u0103 pentru ca Oinacu s\u0103 r\u0103m\u00e2n\u0103 pe drumul moderniz\u0103rii, construind funda\u021bia unui viitor mai bun pentru copiii no\u0219tri. V\u0103 doresc un Pa\u0219te cu s\u0103n\u0103tate, mese \u00eembel\u0219ugate \u0219i inimi pline de bucurie.<\/p>\n<p style=\"text-align: justify;\">Fie ca lumina \u00cenvierii s\u0103 v\u0103 aduc\u0103 lini\u0219te \u0219i prosperitate.<\/p>\n<p style=\"text-align: justify;\">S\u0103rb\u0103tori binecuv\u00e2ntate!<\/p>\n","protected":false},"excerpt":{"rendered":"<p>\u00cenvierea Domnului<\/p>\n","protected":false},"author":1,"featured_media":0,"comment_status":"open","ping_status":"open","sticky":false,"template":"","format":"standard","meta":{"footnotes":""},"categories":[4],"tags":[],"class_list":["post-121628","post","type-post","status-publish","format-standard","hentry","category-special"],"_links":{"self":[{"href":"https:\/\/www.giurgiuveanul.ro\/stiri\/wp-json\/wp\/v2\/posts\/121628","targetHints":{"allow":["GET"]}}],"collection":[{"href":"https:\/\/www.giurgiuveanul.ro\/stiri\/wp-json\/wp\/v2\/posts"}],"about":[{"href":"https:\/\/www.giurgiuveanul.ro\/stiri\/wp-json\/wp\/v2\/types\/post"}],"author":[{"embeddable":true,"href":"https:\/\/www.giurgiuveanul.ro\/stiri\/wp-json\/wp\/v2\/users\/1"}],"replies":[{"embeddable":true,"href":"https:\/\/www.giurgiuveanul.ro\/stiri\/wp-json\/wp\/v2\/comments?post=121628"}],"version-history":[{"count":1,"href":"https:\/\/www.giurgiuveanul.ro\/stiri\/wp-json\/wp\/v2\/posts\/121628\/revisions"}],"predecessor-version":[{"id":121629,"href":"https:\/\/www.giurgiuveanul.ro\/stiri\/wp-json\/wp\/v2\/posts\/121628\/revisions\/121629"}],"wp:attachment":[{"href":"https:\/\/www.giurgiuveanul.ro\/stiri\/wp-json\/wp\/v2\/media?parent=121628"}],"wp:term":[{"taxonomy":"category","embeddable":true,"href":"https:\/\/www.giurgiuveanul.ro\/stiri\/wp-json\/wp\/v2\/categories?post=121628"},{"taxonomy":"post_tag","embeddable":true,"href":"https:\/\/www.giurgiuveanul.ro\/stiri\/wp-json\/wp\/v2\/tags?post=121628"}],"curies":[{"name":"wp","href":"https:\/\/api.w.org\/{rel}","templated":true}]}}