{"id":12165,"date":"2014-03-30T19:20:48","date_gmt":"2014-03-30T16:20:48","guid":{"rendered":"https:\/\/www.giurgiuveanul.ro\/stiri\/?p=12165"},"modified":"2014-03-30T19:20:48","modified_gmt":"2014-03-30T16:20:48","slug":"la-multi-ani-domnule-primar-constantin-dumitru","status":"publish","type":"post","link":"https:\/\/www.giurgiuveanul.ro\/stiri\/la-multi-ani-domnule-primar-constantin-dumitru\/","title":{"rendered":"La Mul\u0163i Ani, domnule primar Constantin Dumitru!"},"content":{"rendered":"<p style=\"text-align: justify;\"><a href=\"https:\/\/www.giurgiuveanul.ro\/stiri\/wp-content\/uploads\/2014\/03\/Constantin-Dumitru.jpg\"><img loading=\"lazy\" decoding=\"async\" class=\"aligncenter size-large wp-image-12166\" alt=\"Constantin Dumitru\" src=\"https:\/\/www.giurgiuveanul.ro\/stiri\/wp-content\/uploads\/2014\/03\/Constantin-Dumitru-560x379.jpg\" width=\"560\" height=\"379\" srcset=\"https:\/\/www.giurgiuveanul.ro\/stiri\/wp-content\/uploads\/2014\/03\/Constantin-Dumitru-560x379.jpg 560w, https:\/\/www.giurgiuveanul.ro\/stiri\/wp-content\/uploads\/2014\/03\/Constantin-Dumitru-250x169.jpg 250w, https:\/\/www.giurgiuveanul.ro\/stiri\/wp-content\/uploads\/2014\/03\/Constantin-Dumitru-400x271.jpg 400w, https:\/\/www.giurgiuveanul.ro\/stiri\/wp-content\/uploads\/2014\/03\/Constantin-Dumitru.jpg 693w\" sizes=\"auto, (max-width: 560px) 100vw, 560px\" \/><\/a>Ziua de na\u015ftere a oric\u0103rei persoane reprezint\u0103 prilej de bucurie pentru familie, prieteni, apropia\u0163i \u015fi tocmai din acest motiv felicit\u0103m unul dintre oamenii speciali, unul dintre edilii \u015fefi giurgiuveni, pe care nu po\u0163i s\u0103 nu-l remarci, pentru<!--more--> frumo\u015fii ani pe care i-a \u00eemplinit \u015fi \u00eei dorim mult\u0103 s\u0103n\u0103tate \u015fi succes \u00een tot ceea ce face.<\/p>\n<p style=\"text-align: justify;\">Ast\u0103zi este r\u00e2ndul unui prieten al redac\u0163iei noastre, primarul comunei Flore\u015fti-Stoene\u015fti, Constantin Dumitru, s\u0103 primeasc\u0103 cele mai frumoase ur\u0103ri de bine, s\u0103n\u0103tate \u015fi foarte multe bucurii al\u0103turi de to\u0163i cei dragi.<\/p>\n<p style=\"text-align: justify;\">La Mul\u0163i Ani, domnule primar Constantin Dumitru!<\/p>\n","protected":false},"excerpt":{"rendered":"<p>Ziua de na\u015ftere a oric\u0103rei persoane reprezint\u0103 prilej de bucurie pentru familie, prieteni, apropia\u0163i \u015fi tocmai din acest motiv felicit\u0103m unul dintre oamenii speciali, unul dintre edilii \u015fefi giurgiuveni, pe care nu po\u0163i s\u0103 nu-l remarci, pentru<\/p>\n","protected":false},"author":2,"featured_media":0,"comment_status":"open","ping_status":"open","sticky":false,"template":"","format":"standard","meta":{"footnotes":""},"categories":[16],"tags":[],"class_list":["post-12165","post","type-post","status-publish","format-standard","hentry","category-astazi-e-ziua-ta"],"_links":{"self":[{"href":"https:\/\/www.giurgiuveanul.ro\/stiri\/wp-json\/wp\/v2\/posts\/12165","targetHints":{"allow":["GET"]}}],"collection":[{"href":"https:\/\/www.giurgiuveanul.ro\/stiri\/wp-json\/wp\/v2\/posts"}],"about":[{"href":"https:\/\/www.giurgiuveanul.ro\/stiri\/wp-json\/wp\/v2\/types\/post"}],"author":[{"embeddable":true,"href":"https:\/\/www.giurgiuveanul.ro\/stiri\/wp-json\/wp\/v2\/users\/2"}],"replies":[{"embeddable":true,"href":"https:\/\/www.giurgiuveanul.ro\/stiri\/wp-json\/wp\/v2\/comments?post=12165"}],"version-history":[{"count":0,"href":"https:\/\/www.giurgiuveanul.ro\/stiri\/wp-json\/wp\/v2\/posts\/12165\/revisions"}],"wp:attachment":[{"href":"https:\/\/www.giurgiuveanul.ro\/stiri\/wp-json\/wp\/v2\/media?parent=12165"}],"wp:term":[{"taxonomy":"category","embeddable":true,"href":"https:\/\/www.giurgiuveanul.ro\/stiri\/wp-json\/wp\/v2\/categories?post=12165"},{"taxonomy":"post_tag","embeddable":true,"href":"https:\/\/www.giurgiuveanul.ro\/stiri\/wp-json\/wp\/v2\/tags?post=12165"}],"curies":[{"name":"wp","href":"https:\/\/api.w.org\/{rel}","templated":true}]}}