{"id":121849,"date":"2026-04-26T12:16:06","date_gmt":"2026-04-26T09:16:06","guid":{"rendered":"https:\/\/www.giurgiuveanul.ro\/stiri\/?p=121849"},"modified":"2026-04-26T12:16:06","modified_gmt":"2026-04-26T09:16:06","slug":"incendiu-in-municipiul-giurgiu-traverse-de-cale-ferata-cuprinse-de-flacari","status":"publish","type":"post","link":"https:\/\/www.giurgiuveanul.ro\/stiri\/incendiu-in-municipiul-giurgiu-traverse-de-cale-ferata-cuprinse-de-flacari\/","title":{"rendered":"Incendiu \u00een municipiul Giurgiu! Traverse de cale ferat\u0103 cuprinse de fl\u0103c\u0103ri"},"content":{"rendered":"<p style=\"text-align: justify;\" data-start=\"77\" data-end=\"403\"><strong><a href=\"https:\/\/www.giurgiuveanul.ro\/stiri\/wp-content\/uploads\/2026\/04\/000-incendiu-calea-ferata-.jpg\"><img loading=\"lazy\" decoding=\"async\" class=\"aligncenter  wp-image-121850\" src=\"https:\/\/www.giurgiuveanul.ro\/stiri\/wp-content\/uploads\/2026\/04\/000-incendiu-calea-ferata--560x421.jpg\" alt=\"\" width=\"717\" height=\"539\" srcset=\"https:\/\/www.giurgiuveanul.ro\/stiri\/wp-content\/uploads\/2026\/04\/000-incendiu-calea-ferata--560x421.jpg 560w, https:\/\/www.giurgiuveanul.ro\/stiri\/wp-content\/uploads\/2026\/04\/000-incendiu-calea-ferata--250x188.jpg 250w, https:\/\/www.giurgiuveanul.ro\/stiri\/wp-content\/uploads\/2026\/04\/000-incendiu-calea-ferata--768x578.jpg 768w, https:\/\/www.giurgiuveanul.ro\/stiri\/wp-content\/uploads\/2026\/04\/000-incendiu-calea-ferata--400x301.jpg 400w, https:\/\/www.giurgiuveanul.ro\/stiri\/wp-content\/uploads\/2026\/04\/000-incendiu-calea-ferata-.jpg 1536w\" sizes=\"auto, (max-width: 717px) 100vw, 717px\" \/><\/a>Un incendiu izbucnit<!--more--> recent pe strada Gloriei, din municipiul Giurgiu, a pus \u00een alert\u0103 autorit\u0103\u021bile, dup\u0103 ce aproximativ zece traverse de cale ferat\u0103 \u0219i vegeta\u021bia uscat\u0103 din zon\u0103 au fost cuprinse de fl\u0103c\u0103ri. Potrivit reprezentan\u021bilor ISU Giurgiu, focul se manifesta pe o suprafa\u021b\u0103 de circa 25 de metri p\u0103tra\u021bi.<\/strong><\/p>\n<p style=\"text-align: justify;\" data-start=\"405\" data-end=\"722\">Pompierii din cadrul Deta\u0219amentului Giurgiu au intervenit prompt cu o autospecial\u0103 de stingere, reu\u0219ind s\u0103 localizeze \u0219i s\u0103 lichideze incendiul \u00eenainte ca acesta s\u0103 se extind\u0103 \u0219i s\u0103 produc\u0103 pagube mai mari. Interven\u021bia rapid\u0103 a limitat riscul afect\u0103rii altor elemente din apropiere, inclusiv infrastructura feroviar\u0103.<\/p>\n<p style=\"text-align: justify;\" data-start=\"724\" data-end=\"895\">La fa\u021ba locului au fost prezen\u021bi, al\u0103turi de echipajele de interven\u021bie, un angajat CFR \u0219i un echipaj de poli\u021bie, care au asigurat m\u0103surile specifice \u00een astfel de situa\u021bii.<\/p>\n<p style=\"text-align: justify;\" data-start=\"897\" data-end=\"1092\">Din primele cercet\u0103ri, cauza probabil\u0103 a producerii incendiului a fost utilizarea focului deschis, l\u0103sat nesupravegheat \u2013 o practic\u0103 periculoas\u0103, mai ales \u00een condi\u021bii de vegeta\u021bie uscat\u0103 \u0219i v\u00e2nt.<\/p>\n<p style=\"text-align: justify;\" data-start=\"1094\" data-end=\"1190\">Autorit\u0103\u021bile reamintesc cet\u0103\u021benilor importan\u021ba respect\u0103rii m\u0103surilor de prevenire a incendiilor:<\/p>\n<ul style=\"text-align: justify;\" data-start=\"1191\" data-end=\"1409\">\n<li data-section-id=\"1jgg001\" data-start=\"1191\" data-end=\"1259\">evitarea utiliz\u0103rii focului deschis \u00een zonele cu vegeta\u021bie uscat\u0103;<\/li>\n<li data-section-id=\"w8cfcm\" data-start=\"1260\" data-end=\"1343\">nearuncarea resturilor de \u021big\u0103ri aprinse \u00een apropierea materialelor combustibile;<\/li>\n<li data-section-id=\"q1b6ry\" data-start=\"1344\" data-end=\"1409\">respectarea strict\u0103 a regulilor privind prevenirea incendiilor.<\/li>\n<\/ul>\n<p style=\"text-align: justify;\" data-start=\"1411\" data-end=\"1722\" data-is-last-node=\"\" data-is-only-node=\"\">De asemenea, arderea necontrolat\u0103 a vegeta\u021biei uscate este interzis\u0103 prin lege \u0219i poate avea consecin\u021be grave, at\u00e2t pentru mediu, c\u00e2t \u0219i pentru siguran\u021ba comunit\u0103\u021bii. Interven\u021bia de ast\u0103zi este \u00eenc\u0103 un exemplu c\u0103 vigilen\u021ba \u0219i responsabilitatea fiec\u0103ruia pot face diferen\u021ba \u00eentre un incident minor \u0219i o tragedie.<\/p>\n","protected":false},"excerpt":{"rendered":"<p>Un incendiu izbucnit<\/p>\n","protected":false},"author":1,"featured_media":0,"comment_status":"open","ping_status":"open","sticky":false,"template":"","format":"standard","meta":{"footnotes":""},"categories":[6],"tags":[],"class_list":["post-121849","post","type-post","status-publish","format-standard","hentry","category-breaking-news"],"_links":{"self":[{"href":"https:\/\/www.giurgiuveanul.ro\/stiri\/wp-json\/wp\/v2\/posts\/121849","targetHints":{"allow":["GET"]}}],"collection":[{"href":"https:\/\/www.giurgiuveanul.ro\/stiri\/wp-json\/wp\/v2\/posts"}],"about":[{"href":"https:\/\/www.giurgiuveanul.ro\/stiri\/wp-json\/wp\/v2\/types\/post"}],"author":[{"embeddable":true,"href":"https:\/\/www.giurgiuveanul.ro\/stiri\/wp-json\/wp\/v2\/users\/1"}],"replies":[{"embeddable":true,"href":"https:\/\/www.giurgiuveanul.ro\/stiri\/wp-json\/wp\/v2\/comments?post=121849"}],"version-history":[{"count":1,"href":"https:\/\/www.giurgiuveanul.ro\/stiri\/wp-json\/wp\/v2\/posts\/121849\/revisions"}],"predecessor-version":[{"id":121851,"href":"https:\/\/www.giurgiuveanul.ro\/stiri\/wp-json\/wp\/v2\/posts\/121849\/revisions\/121851"}],"wp:attachment":[{"href":"https:\/\/www.giurgiuveanul.ro\/stiri\/wp-json\/wp\/v2\/media?parent=121849"}],"wp:term":[{"taxonomy":"category","embeddable":true,"href":"https:\/\/www.giurgiuveanul.ro\/stiri\/wp-json\/wp\/v2\/categories?post=121849"},{"taxonomy":"post_tag","embeddable":true,"href":"https:\/\/www.giurgiuveanul.ro\/stiri\/wp-json\/wp\/v2\/tags?post=121849"}],"curies":[{"name":"wp","href":"https:\/\/api.w.org\/{rel}","templated":true}]}}