{"id":121852,"date":"2026-04-26T12:44:00","date_gmt":"2026-04-26T09:44:00","guid":{"rendered":"https:\/\/www.giurgiuveanul.ro\/stiri\/?p=121852"},"modified":"2026-04-26T12:44:00","modified_gmt":"2026-04-26T09:44:00","slug":"migratie-ilegala-stopata-la-giurgiu-doi-cetateni-turci-descoperiti-ascunsi-in-semiremorca-unui-autocamion","status":"publish","type":"post","link":"https:\/\/www.giurgiuveanul.ro\/stiri\/migratie-ilegala-stopata-la-giurgiu-doi-cetateni-turci-descoperiti-ascunsi-in-semiremorca-unui-autocamion\/","title":{"rendered":"Migra\u021bie ilegal\u0103 stopat\u0103 la Giurgiu: doi cet\u0103\u021beni turci, descoperi\u021bi ascun\u0219i \u00een semiremorca unui autocamion"},"content":{"rendered":"<p style=\"text-align: justify;\"><strong><a href=\"https:\/\/www.giurgiuveanul.ro\/stiri\/wp-content\/uploads\/2026\/04\/000-migranti-.jpg\"><img loading=\"lazy\" decoding=\"async\" class=\"aligncenter  wp-image-121853\" src=\"https:\/\/www.giurgiuveanul.ro\/stiri\/wp-content\/uploads\/2026\/04\/000-migranti--560x364.jpg\" alt=\"\" width=\"662\" height=\"430\" srcset=\"https:\/\/www.giurgiuveanul.ro\/stiri\/wp-content\/uploads\/2026\/04\/000-migranti--560x364.jpg 560w, https:\/\/www.giurgiuveanul.ro\/stiri\/wp-content\/uploads\/2026\/04\/000-migranti--250x163.jpg 250w, https:\/\/www.giurgiuveanul.ro\/stiri\/wp-content\/uploads\/2026\/04\/000-migranti--768x499.jpg 768w, https:\/\/www.giurgiuveanul.ro\/stiri\/wp-content\/uploads\/2026\/04\/000-migranti--1536x999.jpg 1536w, https:\/\/www.giurgiuveanul.ro\/stiri\/wp-content\/uploads\/2026\/04\/000-migranti--2048x1331.jpg 2048w, https:\/\/www.giurgiuveanul.ro\/stiri\/wp-content\/uploads\/2026\/04\/000-migranti--400x260.jpg 400w\" sizes=\"auto, (max-width: 662px) 100vw, 662px\" \/><\/a>Poli\u021bi\u0219tii de frontier\u0103 din cadrul Inspectoratului Teritorial al Poli\u021biei de Frontier\u0103 Giurgiu \u2013 Sectorul Poli\u021biei de Frontier\u0103 Giurgiu \u0219i Serviciul Teritorial al Poli\u021biei de Frontier\u0103 Giurgiu, \u00een<!--more--> cooperare cu omologii bulgari, au depistat doi cet\u0103\u021beni turci care au \u00eencercat s\u0103 intre ilegal \u00een Rom\u00e2nia, ascun\u0219i \u00een semiremorca unui autocamion.<\/strong><\/p>\n<p style=\"text-align: justify;\">\u00cen data de 25.04.2026, \u00een jurul orei 02.10, \u00een zona DN5, poli\u021bi\u0219tii de frontier\u0103 din cadrul Sectorului Poli\u021biei de Frontier\u0103 Giurgiu \u0219i Serviciului Teritorial al Poli\u021biei de Frontier\u0103 Giurgiu, \u00een colaborare cu omologii bulgari, au desf\u0103\u0219urat o ac\u021biune specific\u0103 pe linia prevenirii \u0219i combaterii migra\u021biei ilegale \u0219i a infrac\u021bionalit\u0103\u021bii transfrontaliere, \u00een cadrul planului de ac\u021biune \u201eSPRING MIGRATION\u201d.<\/p>\n<p style=\"text-align: justify;\">Astfel, echipele operative au efectuat controlul asupra unui autocamion aflat \u00eentr-o parcare din zona adiacent\u0103 a fostului Punct de Trecere a Frontierei Giurgiu \u2013 Ruse, \u00eenmatriculat \u00een Ucraina, care transporta produse de igien\u0103.<\/p>\n<p style=\"text-align: justify;\">Cu ocazia verific\u0103rilor, poli\u021bi\u0219tii de frontier\u0103 au constatat c\u0103 sigiliul vamal era rupt. \u00cen urma controlului efectuat asupra semiremorcii, au fost descoperite dou\u0103 persoane de sex masculin, care nu de\u021bineau asupra lor documente de identitate \u0219i au declarat verbal c\u0103 sunt cet\u0103\u021beni turci.<\/p>\n<p style=\"text-align: justify;\">\u00cen urma cercet\u0103rilor efectuate, s-a stabilit c\u0103 persoanele \u00een cauz\u0103 s-au urcat \u00een semiremorca autocamionului f\u0103r\u0103 \u0219tirea \u0219oferului, cu inten\u021bia de a ajunge \u00eentr-un stat din vestul Europei.<\/p>\n<p style=\"text-align: justify;\">\u00cen cauz\u0103, poli\u021bi\u0219tii de frontier\u0103 au \u00eentocmit lucrare penal\u0103 pentru s\u0103v\u00e2r\u0219irea infrac\u021biunii de trecere frauduloas\u0103 a frontierei de stat, urm\u00e2nd ca la finalizarea cercet\u0103rilor s\u0103 fie propuse solu\u021bii legale prin unitatea de parchet.<\/p>\n<p style=\"text-align: justify;\">La scurt timp, cei doi cet\u0103\u021beni turci au fost prelua\u021bi de c\u0103tre autorit\u0103\u021bile competente din Bulgaria pentru continuarea cercet\u0103rilor.<\/p>\n<p style=\"text-align: justify;\"><em>Inspectoratul Teritorial al Poli\u021biei de Frontier\u0103 Giurgiu ac\u021bioneaz\u0103 permanent, \u00een cooperare cu Poli\u021bia de Frontier\u0103 din Republica Bulgaria, pentru aplicarea m\u0103surilor compensatorii la frontiera intern\u0103 Schengen, gestionarea fluxurilor migra\u021bioniste, prevenirea \u0219i combaterea migra\u021biei ilegale \u0219i a infrac\u021bionalit\u0103\u021bii transfrontaliere. Cooperarea vizeaz\u0103 intensificarea schimbului de informa\u021bii operative \u0219i desf\u0103\u0219urarea de ac\u021biuni comune, \u00een scopul asigur\u0103rii unui climat de siguran\u021b\u0103 \u0219i securitate la frontiera comun\u0103.<\/em><\/p>\n","protected":false},"excerpt":{"rendered":"<p>Poli\u021bi\u0219tii de frontier\u0103 din cadrul Inspectoratului Teritorial al Poli\u021biei de Frontier\u0103 Giurgiu \u2013 Sectorul Poli\u021biei de Frontier\u0103 Giurgiu \u0219i Serviciul Teritorial al Poli\u021biei de Frontier\u0103 Giurgiu, \u00een<\/p>\n","protected":false},"author":1,"featured_media":0,"comment_status":"open","ping_status":"open","sticky":false,"template":"","format":"standard","meta":{"footnotes":""},"categories":[6],"tags":[],"class_list":["post-121852","post","type-post","status-publish","format-standard","hentry","category-breaking-news"],"_links":{"self":[{"href":"https:\/\/www.giurgiuveanul.ro\/stiri\/wp-json\/wp\/v2\/posts\/121852","targetHints":{"allow":["GET"]}}],"collection":[{"href":"https:\/\/www.giurgiuveanul.ro\/stiri\/wp-json\/wp\/v2\/posts"}],"about":[{"href":"https:\/\/www.giurgiuveanul.ro\/stiri\/wp-json\/wp\/v2\/types\/post"}],"author":[{"embeddable":true,"href":"https:\/\/www.giurgiuveanul.ro\/stiri\/wp-json\/wp\/v2\/users\/1"}],"replies":[{"embeddable":true,"href":"https:\/\/www.giurgiuveanul.ro\/stiri\/wp-json\/wp\/v2\/comments?post=121852"}],"version-history":[{"count":1,"href":"https:\/\/www.giurgiuveanul.ro\/stiri\/wp-json\/wp\/v2\/posts\/121852\/revisions"}],"predecessor-version":[{"id":121854,"href":"https:\/\/www.giurgiuveanul.ro\/stiri\/wp-json\/wp\/v2\/posts\/121852\/revisions\/121854"}],"wp:attachment":[{"href":"https:\/\/www.giurgiuveanul.ro\/stiri\/wp-json\/wp\/v2\/media?parent=121852"}],"wp:term":[{"taxonomy":"category","embeddable":true,"href":"https:\/\/www.giurgiuveanul.ro\/stiri\/wp-json\/wp\/v2\/categories?post=121852"},{"taxonomy":"post_tag","embeddable":true,"href":"https:\/\/www.giurgiuveanul.ro\/stiri\/wp-json\/wp\/v2\/tags?post=121852"}],"curies":[{"name":"wp","href":"https:\/\/api.w.org\/{rel}","templated":true}]}}