{"id":121855,"date":"2026-04-26T19:35:29","date_gmt":"2026-04-26T16:35:29","guid":{"rendered":"https:\/\/www.giurgiuveanul.ro\/stiri\/?p=121855"},"modified":"2026-04-26T19:35:29","modified_gmt":"2026-04-26T16:35:29","slug":"o-tanara-giurgiuveanca-de-18-ani-si-a-pierdut-viata-intr-un-accident-rutier","status":"publish","type":"post","link":"https:\/\/www.giurgiuveanul.ro\/stiri\/o-tanara-giurgiuveanca-de-18-ani-si-a-pierdut-viata-intr-un-accident-rutier\/","title":{"rendered":"O t\u00e2n\u0103r\u0103 giurgiuveanc\u0103, de 18 ani, \u0219i-a pierdut via\u021ba \u00eentr-un accident rutier\u2026"},"content":{"rendered":"<p style=\"text-align: justify;\"><strong><a href=\"https:\/\/www.giurgiuveanul.ro\/stiri\/wp-content\/uploads\/2026\/04\/00000-accident-mortal-prundu-.jpg\"><img loading=\"lazy\" decoding=\"async\" class=\"aligncenter  wp-image-121856\" src=\"https:\/\/www.giurgiuveanul.ro\/stiri\/wp-content\/uploads\/2026\/04\/00000-accident-mortal-prundu--401x450.jpg\" alt=\"\" width=\"619\" height=\"695\" srcset=\"https:\/\/www.giurgiuveanul.ro\/stiri\/wp-content\/uploads\/2026\/04\/00000-accident-mortal-prundu--401x450.jpg 401w, https:\/\/www.giurgiuveanul.ro\/stiri\/wp-content\/uploads\/2026\/04\/00000-accident-mortal-prundu--250x280.jpg 250w, https:\/\/www.giurgiuveanul.ro\/stiri\/wp-content\/uploads\/2026\/04\/00000-accident-mortal-prundu--768x861.jpg 768w, https:\/\/www.giurgiuveanul.ro\/stiri\/wp-content\/uploads\/2026\/04\/00000-accident-mortal-prundu--400x449.jpg 400w, https:\/\/www.giurgiuveanul.ro\/stiri\/wp-content\/uploads\/2026\/04\/00000-accident-mortal-prundu-.jpg 1200w\" sizes=\"auto, (max-width: 619px) 100vw, 619px\" \/><\/a>Ast\u0103zi, 26 aprilie, \u00een jurul orei 17.00, \u00een<!--more--> extravilanul localit\u0103\u021bii Prundu, jude\u021bul Giurgiu, a avut loc un eveniment rutier, soldat cu decesul unei persoane &#8211; informez\u0103 Inspectoratul de Poli\u021bie Jude\u021bean Giurgiu.<\/strong><\/p>\n<p style=\"text-align: justify;\">Din primele cercet\u0103ri, a reie\u0219it faptul c\u0103, o t\u00e2n\u0103r\u0103, de 18 ani, \u00een timp ce conducea un autoturism, nu ar fi adaptat viteza \u00eentr-o curb\u0103 \u0219i ar fi p\u0103r\u0103sit partea carosabil\u0103.<\/p>\n<p style=\"text-align: justify;\">\u00cen urma producerii evenimentului rutier, a rezultat decesul unei tinere, de 18 ani, care se afla \u00een autoturism \u0219i r\u0103nirea tinerei care conducea autoturismul.<\/p>\n<p style=\"text-align: justify;\">Aceasta a fost transportat\u0103 la spital, pentru acordarea de \u00eengrijiri medicale.<\/p>\n<p style=\"text-align: justify;\">Rezultatul test\u0103rii cu aparatul etilotest \u00een cazul tinerei de la volan a indicat valoare negativ\u0103.<\/p>\n<p style=\"text-align: justify;\">Cercet\u0103rile sunt continuate pentru stabilirea tuturor \u00eemprejur\u0103rilor \u00een care evenimentul rutier a avut loc.<\/p>\n","protected":false},"excerpt":{"rendered":"<p>Ast\u0103zi, 26 aprilie, \u00een jurul orei 17.00, \u00een<\/p>\n","protected":false},"author":1,"featured_media":0,"comment_status":"open","ping_status":"open","sticky":false,"template":"","format":"standard","meta":{"footnotes":""},"categories":[6],"tags":[],"class_list":["post-121855","post","type-post","status-publish","format-standard","hentry","category-breaking-news"],"_links":{"self":[{"href":"https:\/\/www.giurgiuveanul.ro\/stiri\/wp-json\/wp\/v2\/posts\/121855","targetHints":{"allow":["GET"]}}],"collection":[{"href":"https:\/\/www.giurgiuveanul.ro\/stiri\/wp-json\/wp\/v2\/posts"}],"about":[{"href":"https:\/\/www.giurgiuveanul.ro\/stiri\/wp-json\/wp\/v2\/types\/post"}],"author":[{"embeddable":true,"href":"https:\/\/www.giurgiuveanul.ro\/stiri\/wp-json\/wp\/v2\/users\/1"}],"replies":[{"embeddable":true,"href":"https:\/\/www.giurgiuveanul.ro\/stiri\/wp-json\/wp\/v2\/comments?post=121855"}],"version-history":[{"count":1,"href":"https:\/\/www.giurgiuveanul.ro\/stiri\/wp-json\/wp\/v2\/posts\/121855\/revisions"}],"predecessor-version":[{"id":121857,"href":"https:\/\/www.giurgiuveanul.ro\/stiri\/wp-json\/wp\/v2\/posts\/121855\/revisions\/121857"}],"wp:attachment":[{"href":"https:\/\/www.giurgiuveanul.ro\/stiri\/wp-json\/wp\/v2\/media?parent=121855"}],"wp:term":[{"taxonomy":"category","embeddable":true,"href":"https:\/\/www.giurgiuveanul.ro\/stiri\/wp-json\/wp\/v2\/categories?post=121855"},{"taxonomy":"post_tag","embeddable":true,"href":"https:\/\/www.giurgiuveanul.ro\/stiri\/wp-json\/wp\/v2\/tags?post=121855"}],"curies":[{"name":"wp","href":"https:\/\/api.w.org\/{rel}","templated":true}]}}