{"id":121858,"date":"2026-04-27T13:59:48","date_gmt":"2026-04-27T10:59:48","guid":{"rendered":"https:\/\/www.giurgiuveanul.ro\/stiri\/?p=121858"},"modified":"2026-04-27T13:59:48","modified_gmt":"2026-04-27T10:59:48","slug":"lovitura-a-politiei-de-frontiera-la-giurgiu-perchezitii-intr-un-dosar-penal","status":"publish","type":"post","link":"https:\/\/www.giurgiuveanul.ro\/stiri\/lovitura-a-politiei-de-frontiera-la-giurgiu-perchezitii-intr-un-dosar-penal\/","title":{"rendered":"Lovitur\u0103 a Poli\u021biei de Frontier\u0103 la Giurgiu: perchezi\u021bii \u00eentr-un dosar penal"},"content":{"rendered":"<p style=\"text-align: justify;\"><strong><a href=\"https:\/\/www.giurgiuveanul.ro\/stiri\/wp-content\/uploads\/2026\/04\/0000-perchezitii_.jpg\"><img loading=\"lazy\" decoding=\"async\" class=\"aligncenter  wp-image-121859\" src=\"https:\/\/www.giurgiuveanul.ro\/stiri\/wp-content\/uploads\/2026\/04\/0000-perchezitii_-560x374.jpg\" alt=\"\" width=\"726\" height=\"485\" srcset=\"https:\/\/www.giurgiuveanul.ro\/stiri\/wp-content\/uploads\/2026\/04\/0000-perchezitii_-560x374.jpg 560w, https:\/\/www.giurgiuveanul.ro\/stiri\/wp-content\/uploads\/2026\/04\/0000-perchezitii_-250x167.jpg 250w, https:\/\/www.giurgiuveanul.ro\/stiri\/wp-content\/uploads\/2026\/04\/0000-perchezitii_-768x512.jpg 768w, https:\/\/www.giurgiuveanul.ro\/stiri\/wp-content\/uploads\/2026\/04\/0000-perchezitii_-1536x1025.jpg 1536w, https:\/\/www.giurgiuveanul.ro\/stiri\/wp-content\/uploads\/2026\/04\/0000-perchezitii_-400x267.jpg 400w, https:\/\/www.giurgiuveanul.ro\/stiri\/wp-content\/uploads\/2026\/04\/0000-perchezitii_.jpg 2000w\" sizes=\"auto, (max-width: 726px) 100vw, 726px\" \/><\/a>Poli\u021bi\u0219tii de frontier\u0103 din cadrul Inspectoratului Teritorial al Poli\u021biei de Frontier\u0103 Giurgiu &#8211; Serviciului Teritorial al Poli\u021biei de Frontier\u0103 Giurgiu<!--more--> \u00een contextul Zilei Interna\u021bionale a Propriet\u0103\u021bii Intelectuale, celebrat\u0103 \u00een fiecare an la data de 26 aprilie, sub coordonarea procurorului de caz din cadrul Parchetului de pe l\u00e2ng\u0103 Judec\u0103toria Giurgiu, au desf\u0103\u0219urat ac\u021biuni, pentru combaterea infrac\u021biunilor la regimul drepturilor de proprietate intelectual\u0103.<\/strong><\/p>\n<p style=\"text-align: justify;\">Ast\u0103zi, 27 aprilie a.c., \u00een jurul orei 06.00, poli\u021bi\u0219ti de frontier\u0103 din cadrul Inspectoratului Teritorial al Poli\u021biei de Frontier\u0103 Giurgiu \u2013 Serviciul Teritorial al Poli\u021biei de Frontier\u0103 Giurgiu, au pus \u00een aplicare dou\u0103 mandate de perchezi\u021bie domiciliar\u0103, intr-un dosar penal \u00een care se efectueaz\u0103 cercet\u0103ri sub aspectul s\u0103v\u00e2r\u0219irii mai multor infrac\u021biuni la regimul dreptului de proprietate intelectual\u0103.<\/p>\n<p style=\"text-align: justify;\">Activit\u0103\u021bile vizeaz\u0103 \u00een principal infrac\u021biunile prev\u0103zute de Legea nr. 84\/1998 privind m\u0103rcile \u0219i indica\u021biile geografice.<\/p>\n<p style=\"text-align: justify;\">Pe parcursul \u00eentregului proces penal, persoanele cercetate beneficiaz\u0103 de drepturile \u0219i garan\u021biile procesuale prev\u0103zute de Codul de Procedur\u0103 Penal\u0103, precum \u0219i de prezum\u021bia de nevinov\u0103\u021bie.<\/p>\n<p style=\"text-align: justify;\"><strong>Inspectoratul Teritorial al Poli\u021biei de Frontier\u0103 Giurgiu desf\u0103\u0219oar\u0103 permanent activit\u0103\u021bi specifice, \u00een cooperare cu institu\u021biile partenere, pentru prevenirea \u0219i combaterea faptelor ilegale, \u00een contextul aplic\u0103rii acquis-ului Schengen, asigur\u00e2nd securitatea frontierelor \u0219i protejarea intereselor statului rom\u00e2n \u0219i ale Uniunii Europene, precum \u0219i respectarea drepturilor de proprietate intelectual\u0103.<\/strong><\/p>\n","protected":false},"excerpt":{"rendered":"<p>Poli\u021bi\u0219tii de frontier\u0103 din cadrul Inspectoratului Teritorial al Poli\u021biei de Frontier\u0103 Giurgiu &#8211; Serviciului Teritorial al Poli\u021biei de Frontier\u0103 Giurgiu<\/p>\n","protected":false},"author":1,"featured_media":0,"comment_status":"open","ping_status":"open","sticky":false,"template":"","format":"standard","meta":{"footnotes":""},"categories":[6],"tags":[],"class_list":["post-121858","post","type-post","status-publish","format-standard","hentry","category-breaking-news"],"_links":{"self":[{"href":"https:\/\/www.giurgiuveanul.ro\/stiri\/wp-json\/wp\/v2\/posts\/121858","targetHints":{"allow":["GET"]}}],"collection":[{"href":"https:\/\/www.giurgiuveanul.ro\/stiri\/wp-json\/wp\/v2\/posts"}],"about":[{"href":"https:\/\/www.giurgiuveanul.ro\/stiri\/wp-json\/wp\/v2\/types\/post"}],"author":[{"embeddable":true,"href":"https:\/\/www.giurgiuveanul.ro\/stiri\/wp-json\/wp\/v2\/users\/1"}],"replies":[{"embeddable":true,"href":"https:\/\/www.giurgiuveanul.ro\/stiri\/wp-json\/wp\/v2\/comments?post=121858"}],"version-history":[{"count":1,"href":"https:\/\/www.giurgiuveanul.ro\/stiri\/wp-json\/wp\/v2\/posts\/121858\/revisions"}],"predecessor-version":[{"id":121860,"href":"https:\/\/www.giurgiuveanul.ro\/stiri\/wp-json\/wp\/v2\/posts\/121858\/revisions\/121860"}],"wp:attachment":[{"href":"https:\/\/www.giurgiuveanul.ro\/stiri\/wp-json\/wp\/v2\/media?parent=121858"}],"wp:term":[{"taxonomy":"category","embeddable":true,"href":"https:\/\/www.giurgiuveanul.ro\/stiri\/wp-json\/wp\/v2\/categories?post=121858"},{"taxonomy":"post_tag","embeddable":true,"href":"https:\/\/www.giurgiuveanul.ro\/stiri\/wp-json\/wp\/v2\/tags?post=121858"}],"curies":[{"name":"wp","href":"https:\/\/api.w.org\/{rel}","templated":true}]}}