{"id":121861,"date":"2026-04-27T14:27:26","date_gmt":"2026-04-27T11:27:26","guid":{"rendered":"https:\/\/www.giurgiuveanul.ro\/stiri\/?p=121861"},"modified":"2026-04-27T14:37:39","modified_gmt":"2026-04-27T11:37:39","slug":"o-floare-franta-prea-devreme-drum-lin-erika-cristiana","status":"publish","type":"post","link":"https:\/\/www.giurgiuveanul.ro\/stiri\/o-floare-franta-prea-devreme-drum-lin-erika-cristiana\/","title":{"rendered":"O floare fr\u00e2nt\u0103 prea devreme\u2026 Drum lin, Erika Cristiana&#8230;"},"content":{"rendered":"<p style=\"text-align: justify;\"><a href=\"https:\/\/www.giurgiuveanul.ro\/stiri\/wp-content\/uploads\/2026\/04\/000-Erika-Cristina-Dragu_.jpg\"><img loading=\"lazy\" decoding=\"async\" class=\"aligncenter wp-image-121862\" src=\"https:\/\/www.giurgiuveanul.ro\/stiri\/wp-content\/uploads\/2026\/04\/000-Erika-Cristina-Dragu_-528x450.jpg\" alt=\"\" width=\"679\" height=\"579\" srcset=\"https:\/\/www.giurgiuveanul.ro\/stiri\/wp-content\/uploads\/2026\/04\/000-Erika-Cristina-Dragu_-528x450.jpg 528w, https:\/\/www.giurgiuveanul.ro\/stiri\/wp-content\/uploads\/2026\/04\/000-Erika-Cristina-Dragu_-250x213.jpg 250w, https:\/\/www.giurgiuveanul.ro\/stiri\/wp-content\/uploads\/2026\/04\/000-Erika-Cristina-Dragu_-768x654.jpg 768w, https:\/\/www.giurgiuveanul.ro\/stiri\/wp-content\/uploads\/2026\/04\/000-Erika-Cristina-Dragu_-1536x1308.jpg 1536w, https:\/\/www.giurgiuveanul.ro\/stiri\/wp-content\/uploads\/2026\/04\/000-Erika-Cristina-Dragu_-400x341.jpg 400w, https:\/\/www.giurgiuveanul.ro\/stiri\/wp-content\/uploads\/2026\/04\/000-Erika-Cristina-Dragu_.jpg 2000w\" sizes=\"auto, (max-width: 679px) 100vw, 679px\" \/><\/a>Durere f\u0103r\u0103 margini \u00een comunitatea giurgiuvean\u0103,<!--more--> dup\u0103 ce <strong>Erika Cristiana Dragu<\/strong> a plecat dintre noi mult prea devreme, <em>la doar 18 ani<\/em>, \u00een urma unui tragic accident rutier. O via\u021b\u0103 abia \u00eenflorit\u0103, plin\u0103 de visuri, speran\u021be \u0219i z\u00e2mbete, s-a stins fulger\u0103tor, l\u0103s\u00e2nd \u00een urm\u0103 lacrimi \u0219i un gol imposibil de umplut.<\/p>\n<p style=\"text-align: justify;\">Trupul ne\u00eensufle\u021bit al tinerei <strong>este depus la Capela Catedralei Episcopale \u201eAdormirea Maicii Domnului\u201d<\/strong>, loc \u00een care to\u021bi cei care au cunoscut-o \u0219i au iubit-o sunt a\u0219tepta\u021bi s\u0103-i aduc\u0103 un ultim omagiu \u0219i s\u0103-i aprind\u0103 o lum\u00e2nare, \u00een semn de pre\u021buire \u0219i r\u0103mas-bun.<\/p>\n<p style=\"text-align: justify;\"><strong>Erika va fi condus\u0103 pe ultimul drum miercuri, c\u00e2nd cortegiul funerar se va \u00eendrepta c\u0103tre Cimitirul \u201eSm\u00e2rda\u201d<\/strong>, acolo unde va fi a\u0219ezat\u0103 pentru odihna cea ve\u0219nic\u0103.<\/p>\n<p style=\"text-align: justify;\">\u00cen aceste clipe de grea \u00eencercare, g\u00e2ndurile tuturor se \u00eendreapt\u0103 c\u0103tre familia \u00eendurerat\u0103, c\u0103reia \u00eei transmitem sincere condolean\u021be \u0219i putere s\u0103 treac\u0103 peste aceast\u0103 pierdere cumplit\u0103.<\/p>\n<p style=\"text-align: justify;\"><em>Dumnezeu s-o ierte \u0219i s\u0103 o odihneasc\u0103 \u00een pace!<\/em><\/p>\n","protected":false},"excerpt":{"rendered":"<p>Durere f\u0103r\u0103 margini \u00een comunitatea giurgiuvean\u0103,<\/p>\n","protected":false},"author":1,"featured_media":0,"comment_status":"open","ping_status":"open","sticky":false,"template":"","format":"standard","meta":{"footnotes":""},"categories":[1],"tags":[],"class_list":["post-121861","post","type-post","status-publish","format-standard","hentry","category-actualitate"],"_links":{"self":[{"href":"https:\/\/www.giurgiuveanul.ro\/stiri\/wp-json\/wp\/v2\/posts\/121861","targetHints":{"allow":["GET"]}}],"collection":[{"href":"https:\/\/www.giurgiuveanul.ro\/stiri\/wp-json\/wp\/v2\/posts"}],"about":[{"href":"https:\/\/www.giurgiuveanul.ro\/stiri\/wp-json\/wp\/v2\/types\/post"}],"author":[{"embeddable":true,"href":"https:\/\/www.giurgiuveanul.ro\/stiri\/wp-json\/wp\/v2\/users\/1"}],"replies":[{"embeddable":true,"href":"https:\/\/www.giurgiuveanul.ro\/stiri\/wp-json\/wp\/v2\/comments?post=121861"}],"version-history":[{"count":3,"href":"https:\/\/www.giurgiuveanul.ro\/stiri\/wp-json\/wp\/v2\/posts\/121861\/revisions"}],"predecessor-version":[{"id":121865,"href":"https:\/\/www.giurgiuveanul.ro\/stiri\/wp-json\/wp\/v2\/posts\/121861\/revisions\/121865"}],"wp:attachment":[{"href":"https:\/\/www.giurgiuveanul.ro\/stiri\/wp-json\/wp\/v2\/media?parent=121861"}],"wp:term":[{"taxonomy":"category","embeddable":true,"href":"https:\/\/www.giurgiuveanul.ro\/stiri\/wp-json\/wp\/v2\/categories?post=121861"},{"taxonomy":"post_tag","embeddable":true,"href":"https:\/\/www.giurgiuveanul.ro\/stiri\/wp-json\/wp\/v2\/tags?post=121861"}],"curies":[{"name":"wp","href":"https:\/\/api.w.org\/{rel}","templated":true}]}}