{"id":121866,"date":"2026-04-28T09:58:38","date_gmt":"2026-04-28T06:58:38","guid":{"rendered":"https:\/\/www.giurgiuveanul.ro\/stiri\/?p=121866"},"modified":"2026-04-28T09:59:31","modified_gmt":"2026-04-28T06:59:31","slug":"accident-rutier-cumplit-inca-doi-tineri-giurgiuveni-si-au-pierdut-viata","status":"publish","type":"post","link":"https:\/\/www.giurgiuveanul.ro\/stiri\/accident-rutier-cumplit-inca-doi-tineri-giurgiuveni-si-au-pierdut-viata\/","title":{"rendered":"Accident rutier cumplit: \u00eenc\u0103 doi tineri giurgiuveni \u0219i-au pierdut via\u021ba"},"content":{"rendered":"<p style=\"text-align: justify;\" data-start=\"80\" data-end=\"304\"><strong><a href=\"https:\/\/www.giurgiuveanul.ro\/stiri\/wp-content\/uploads\/2026\/04\/00000-accident-1-.jpg\"><img loading=\"lazy\" decoding=\"async\" class=\"aligncenter wp-image-121867\" src=\"https:\/\/www.giurgiuveanul.ro\/stiri\/wp-content\/uploads\/2026\/04\/00000-accident-1--560x382.jpg\" alt=\"\" width=\"705\" height=\"481\" srcset=\"https:\/\/www.giurgiuveanul.ro\/stiri\/wp-content\/uploads\/2026\/04\/00000-accident-1--560x382.jpg 560w, https:\/\/www.giurgiuveanul.ro\/stiri\/wp-content\/uploads\/2026\/04\/00000-accident-1--250x171.jpg 250w, https:\/\/www.giurgiuveanul.ro\/stiri\/wp-content\/uploads\/2026\/04\/00000-accident-1--768x524.jpg 768w, https:\/\/www.giurgiuveanul.ro\/stiri\/wp-content\/uploads\/2026\/04\/00000-accident-1--1536x1048.jpg 1536w, https:\/\/www.giurgiuveanul.ro\/stiri\/wp-content\/uploads\/2026\/04\/00000-accident-1--400x273.jpg 400w, https:\/\/www.giurgiuveanul.ro\/stiri\/wp-content\/uploads\/2026\/04\/00000-accident-1-.jpg 1625w\" sizes=\"auto, (max-width: 705px) 100vw, 705px\" \/><\/a>Un grav accident rutier s-a produs<!--more--> \u00een seara zilei de 27 aprilie, \u00een jurul orei 22:40, pe DJ 601, \u00eentre localit\u0103\u021bile <span class=\"hover:entity-accent entity-underline inline cursor-pointer align-baseline\"><span class=\"whitespace-normal\">Videle<\/span><\/span> \u0219i <span class=\"hover:entity-accent entity-underline inline cursor-pointer align-baseline\"><span class=\"whitespace-normal\">M\u00e2r\u0219a<\/span><\/span>, implic\u00e2nd dou\u0103 autovehicule.<\/strong><\/p>\n<p data-start=\"80\" data-end=\"304\"><a href=\"https:\/\/www.giurgiuveanul.ro\/stiri\/wp-content\/uploads\/2026\/04\/00000-accident-2-.jpg\"><img loading=\"lazy\" decoding=\"async\" class=\"aligncenter  wp-image-121869\" src=\"https:\/\/www.giurgiuveanul.ro\/stiri\/wp-content\/uploads\/2026\/04\/00000-accident-2--560x335.jpg\" alt=\"\" width=\"712\" height=\"426\" srcset=\"https:\/\/www.giurgiuveanul.ro\/stiri\/wp-content\/uploads\/2026\/04\/00000-accident-2--560x335.jpg 560w, https:\/\/www.giurgiuveanul.ro\/stiri\/wp-content\/uploads\/2026\/04\/00000-accident-2--250x150.jpg 250w, https:\/\/www.giurgiuveanul.ro\/stiri\/wp-content\/uploads\/2026\/04\/00000-accident-2--768x460.jpg 768w, https:\/\/www.giurgiuveanul.ro\/stiri\/wp-content\/uploads\/2026\/04\/00000-accident-2--400x239.jpg 400w, https:\/\/www.giurgiuveanul.ro\/stiri\/wp-content\/uploads\/2026\/04\/00000-accident-2-.jpg 1220w\" sizes=\"auto, (max-width: 712px) 100vw, 712px\" \/><\/a><\/p>\n<p style=\"text-align: justify;\" data-start=\"306\" data-end=\"597\">Potrivit primelor cercet\u0103ri, un t\u00e2n\u0103r de 24 de ani, din <span class=\"hover:entity-accent entity-underline inline cursor-pointer align-baseline\"><span class=\"whitespace-normal\">Bucure\u0219ti<\/span><\/span>, aflat la volanul unui autoturism, nu ar fi adaptat viteza \u00eentr-o curb\u0103, pierz\u00e2nd controlul direc\u021biei \u0219i intr\u00e2nd \u00een coliziune cu un microbuz condus de un b\u0103rbat de 39 de ani, din jude\u021bul Teleorman.<\/p>\n<p style=\"text-align: justify;\" data-start=\"599\" data-end=\"794\">Impactul a fost devastator. \u00cen urma accidentului, <strong>o minor\u0103 de 16 ani \u0219i un t\u00e2n\u0103r de 21 de ani, ambii din comuna <span class=\"hover:entity-accent entity-underline inline cursor-pointer align-baseline\"><span class=\"whitespace-normal\">Roata de Jos<\/span><\/span>, pasageri \u00een autoturism, \u0219i-au pierdut via\u021ba.<\/strong><\/p>\n<p style=\"text-align: justify;\" data-start=\"796\" data-end=\"920\">De asemenea, alte dou\u0103 persoane au fost r\u0103nite, una dintre acestea refuz\u00e2nd transportul la spital pentru \u00eengrijiri medicale.<\/p>\n<p style=\"text-align: justify;\" data-start=\"922\" data-end=\"1011\">Ambii \u0219oferi implica\u021bi au fost testa\u021bi cu aparatul etilotest, rezultatele fiind negative.<\/p>\n<p style=\"text-align: justify;\" data-start=\"1013\" data-end=\"1245\">Poli\u021bi\u0219tii continu\u0103 cercet\u0103rile pentru stabilirea cu exactitate a tuturor \u00eemprejur\u0103rilor \u00een care s-a produs tragedia, \u00een cadrul unui dosar penal deschis pentru v\u0103t\u0103mare corporal\u0103 din culp\u0103 \u0219i ucidere din culp\u0103, potrivit IPJ Giurgiu.<\/p>\n<p style=\"text-align: justify;\" data-start=\"1247\" data-end=\"1359\" data-is-last-node=\"\" data-is-only-node=\"\">Traficul \u00een zon\u0103 a fost afectat pe durata interven\u021biei echipajelor de salvare \u0219i a cercet\u0103rilor la fa\u021ba locului.<\/p>\n","protected":false},"excerpt":{"rendered":"<p>Un grav accident rutier s-a produs<\/p>\n","protected":false},"author":1,"featured_media":0,"comment_status":"open","ping_status":"open","sticky":false,"template":"","format":"standard","meta":{"footnotes":""},"categories":[6],"tags":[],"class_list":["post-121866","post","type-post","status-publish","format-standard","hentry","category-breaking-news"],"_links":{"self":[{"href":"https:\/\/www.giurgiuveanul.ro\/stiri\/wp-json\/wp\/v2\/posts\/121866","targetHints":{"allow":["GET"]}}],"collection":[{"href":"https:\/\/www.giurgiuveanul.ro\/stiri\/wp-json\/wp\/v2\/posts"}],"about":[{"href":"https:\/\/www.giurgiuveanul.ro\/stiri\/wp-json\/wp\/v2\/types\/post"}],"author":[{"embeddable":true,"href":"https:\/\/www.giurgiuveanul.ro\/stiri\/wp-json\/wp\/v2\/users\/1"}],"replies":[{"embeddable":true,"href":"https:\/\/www.giurgiuveanul.ro\/stiri\/wp-json\/wp\/v2\/comments?post=121866"}],"version-history":[{"count":2,"href":"https:\/\/www.giurgiuveanul.ro\/stiri\/wp-json\/wp\/v2\/posts\/121866\/revisions"}],"predecessor-version":[{"id":121870,"href":"https:\/\/www.giurgiuveanul.ro\/stiri\/wp-json\/wp\/v2\/posts\/121866\/revisions\/121870"}],"wp:attachment":[{"href":"https:\/\/www.giurgiuveanul.ro\/stiri\/wp-json\/wp\/v2\/media?parent=121866"}],"wp:term":[{"taxonomy":"category","embeddable":true,"href":"https:\/\/www.giurgiuveanul.ro\/stiri\/wp-json\/wp\/v2\/categories?post=121866"},{"taxonomy":"post_tag","embeddable":true,"href":"https:\/\/www.giurgiuveanul.ro\/stiri\/wp-json\/wp\/v2\/tags?post=121866"}],"curies":[{"name":"wp","href":"https:\/\/api.w.org\/{rel}","templated":true}]}}