{"id":121889,"date":"2026-04-29T11:30:51","date_gmt":"2026-04-29T08:30:51","guid":{"rendered":"https:\/\/www.giurgiuveanul.ro\/stiri\/?p=121889"},"modified":"2026-04-29T11:30:51","modified_gmt":"2026-04-29T08:30:51","slug":"astazi-e-ziua-ta-la-multi-ani-domnule-presedinte-toma-petcu-3","status":"publish","type":"post","link":"https:\/\/www.giurgiuveanul.ro\/stiri\/astazi-e-ziua-ta-la-multi-ani-domnule-presedinte-toma-petcu-3\/","title":{"rendered":"Ast\u0103zi e ziua ta: La mul\u0163i ani, domnule pre\u015fedinte Toma Petcu!"},"content":{"rendered":"<p style=\"text-align: justify;\" data-start=\"68\" data-end=\"239\"><a href=\"https:\/\/www.giurgiuveanul.ro\/stiri\/wp-content\/uploads\/2026\/04\/Toma-Petcu-.jpg\"><img loading=\"lazy\" decoding=\"async\" class=\"aligncenter  wp-image-121565\" src=\"https:\/\/www.giurgiuveanul.ro\/stiri\/wp-content\/uploads\/2026\/04\/Toma-Petcu--560x432.jpg\" alt=\"\" width=\"748\" height=\"577\" srcset=\"https:\/\/www.giurgiuveanul.ro\/stiri\/wp-content\/uploads\/2026\/04\/Toma-Petcu--560x432.jpg 560w, https:\/\/www.giurgiuveanul.ro\/stiri\/wp-content\/uploads\/2026\/04\/Toma-Petcu--250x193.jpg 250w, https:\/\/www.giurgiuveanul.ro\/stiri\/wp-content\/uploads\/2026\/04\/Toma-Petcu--768x593.jpg 768w, https:\/\/www.giurgiuveanul.ro\/stiri\/wp-content\/uploads\/2026\/04\/Toma-Petcu--1536x1186.jpg 1536w, https:\/\/www.giurgiuveanul.ro\/stiri\/wp-content\/uploads\/2026\/04\/Toma-Petcu--2048x1581.jpg 2048w, https:\/\/www.giurgiuveanul.ro\/stiri\/wp-content\/uploads\/2026\/04\/Toma-Petcu--400x309.jpg 400w\" sizes=\"auto, (max-width: 748px) 100vw, 748px\" \/><\/a>O zi cu totul special\u0103 pentru administra\u021bia giurgiuvean\u0103: domnul <strong data-start=\"133\" data-end=\"147\">Toma Petcu<\/strong>, pre\u0219edintele Consiliului Jude\u021bean Giurgiu,<!--more--> \u00eempline\u0219te ast\u0103zi frumoasa v\u00e2rst\u0103 de 48 de ani.<\/p>\n<p style=\"text-align: justify;\" data-start=\"241\" data-end=\"547\">Cu acest prilej, \u00eei transmitem cele mai sincere g\u00e2nduri de s\u0103n\u0103tate, putere de munc\u0103 \u0219i \u00eempliniri pe toate planurile. Fie ca fiecare proiect \u00eenceput s\u0103 se transforme \u00een reu\u0219ite durabile, iar eforturile depuse \u00een slujba comunit\u0103\u021bii s\u0103 fie r\u0103spl\u0103tite prin respectul \u0219i aprecierea celor pe care \u00eei reprezint\u0103.<\/p>\n<p style=\"text-align: justify;\" data-start=\"549\" data-end=\"830\">\u00cei dorim inspira\u021bie \u00een deciziile viitoare, energie neobosit\u0103 pentru a duce la bun sf\u00e2r\u0219it ini\u021biativele importante pentru jude\u021b \u0219i bucurii al\u0103turi de familie \u0219i cei apropia\u021bi. S\u0103 aib\u0103 parte de ani senini, plini de realiz\u0103ri \u0219i satisfac\u021bii, at\u00e2t \u00een plan profesional, c\u00e2t \u0219i personal.<\/p>\n<p style=\"text-align: justify;\" data-start=\"832\" data-end=\"879\" data-is-last-node=\"\" data-is-only-node=\"\"><em>La mul\u021bi ani, cu s\u0103n\u0103tate, succes \u0219i \u00eempliniri!<\/em><\/p>\n","protected":false},"excerpt":{"rendered":"<p>O zi cu totul special\u0103 pentru administra\u021bia giurgiuvean\u0103: domnul Toma Petcu, pre\u0219edintele Consiliului Jude\u021bean Giurgiu,<\/p>\n","protected":false},"author":1,"featured_media":0,"comment_status":"open","ping_status":"open","sticky":false,"template":"","format":"standard","meta":{"footnotes":""},"categories":[16],"tags":[],"class_list":["post-121889","post","type-post","status-publish","format-standard","hentry","category-astazi-e-ziua-ta"],"_links":{"self":[{"href":"https:\/\/www.giurgiuveanul.ro\/stiri\/wp-json\/wp\/v2\/posts\/121889","targetHints":{"allow":["GET"]}}],"collection":[{"href":"https:\/\/www.giurgiuveanul.ro\/stiri\/wp-json\/wp\/v2\/posts"}],"about":[{"href":"https:\/\/www.giurgiuveanul.ro\/stiri\/wp-json\/wp\/v2\/types\/post"}],"author":[{"embeddable":true,"href":"https:\/\/www.giurgiuveanul.ro\/stiri\/wp-json\/wp\/v2\/users\/1"}],"replies":[{"embeddable":true,"href":"https:\/\/www.giurgiuveanul.ro\/stiri\/wp-json\/wp\/v2\/comments?post=121889"}],"version-history":[{"count":1,"href":"https:\/\/www.giurgiuveanul.ro\/stiri\/wp-json\/wp\/v2\/posts\/121889\/revisions"}],"predecessor-version":[{"id":121890,"href":"https:\/\/www.giurgiuveanul.ro\/stiri\/wp-json\/wp\/v2\/posts\/121889\/revisions\/121890"}],"wp:attachment":[{"href":"https:\/\/www.giurgiuveanul.ro\/stiri\/wp-json\/wp\/v2\/media?parent=121889"}],"wp:term":[{"taxonomy":"category","embeddable":true,"href":"https:\/\/www.giurgiuveanul.ro\/stiri\/wp-json\/wp\/v2\/categories?post=121889"},{"taxonomy":"post_tag","embeddable":true,"href":"https:\/\/www.giurgiuveanul.ro\/stiri\/wp-json\/wp\/v2\/tags?post=121889"}],"curies":[{"name":"wp","href":"https:\/\/api.w.org\/{rel}","templated":true}]}}