{"id":121904,"date":"2026-04-30T12:02:37","date_gmt":"2026-04-30T09:02:37","guid":{"rendered":"https:\/\/www.giurgiuveanul.ro\/stiri\/?p=121904"},"modified":"2026-04-30T12:02:37","modified_gmt":"2026-04-30T09:02:37","slug":"deschiderea-oficiala-a-salonului-glam-by-lili-chican-ce-surprize-va-asteapta","status":"publish","type":"post","link":"https:\/\/www.giurgiuveanul.ro\/stiri\/deschiderea-oficiala-a-salonului-glam-by-lili-chican-ce-surprize-va-asteapta\/","title":{"rendered":"Deschiderea oficial\u0103 a salonului Glam by Lili Chican! Ce surprize v\u0103 a\u015fteapt\u0103"},"content":{"rendered":"<p><a href=\"https:\/\/www.giurgiuveanul.ro\/stiri\/wp-content\/uploads\/2026\/04\/0000-DESCHIDERE-OFICIALA-.jpg\"><img loading=\"lazy\" decoding=\"async\" class=\"aligncenter  wp-image-121905\" src=\"https:\/\/www.giurgiuveanul.ro\/stiri\/wp-content\/uploads\/2026\/04\/0000-DESCHIDERE-OFICIALA--318x450.jpg\" alt=\"\" width=\"703\" height=\"994\" srcset=\"https:\/\/www.giurgiuveanul.ro\/stiri\/wp-content\/uploads\/2026\/04\/0000-DESCHIDERE-OFICIALA--318x450.jpg 318w, https:\/\/www.giurgiuveanul.ro\/stiri\/wp-content\/uploads\/2026\/04\/0000-DESCHIDERE-OFICIALA--212x300.jpg 212w, https:\/\/www.giurgiuveanul.ro\/stiri\/wp-content\/uploads\/2026\/04\/0000-DESCHIDERE-OFICIALA--768x1086.jpg 768w, https:\/\/www.giurgiuveanul.ro\/stiri\/wp-content\/uploads\/2026\/04\/0000-DESCHIDERE-OFICIALA--1087x1536.jpg 1087w, https:\/\/www.giurgiuveanul.ro\/stiri\/wp-content\/uploads\/2026\/04\/0000-DESCHIDERE-OFICIALA--400x565.jpg 400w, https:\/\/www.giurgiuveanul.ro\/stiri\/wp-content\/uploads\/2026\/04\/0000-DESCHIDERE-OFICIALA-.jpg 1415w\" sizes=\"auto, (max-width: 703px) 100vw, 703px\" \/><\/a>V\u0103 invit\u0103m cu drag s\u0103 lua\u021bi parte la<!--more--> un eveniment special dedicat frumuse\u021bii \u0219i rafinamentului \u2013 deschiderea oficial\u0103 a salonului Glam by Lili Chican.<\/p>\n<p>\ud83d\udcc5 Data: 9 mai<br \/>\n\ud83d\udd51 Ora: 14:00<br \/>\n\ud83d\udccd Loca\u021bia: \u0218os. Bucure\u0219ti nr. 202\/5D, parter (punct de reper: Casa C\u0103r\u021bii)<\/p>\n<p>Evenimentul marcheaz\u0103 lansarea unui spa\u021biu modern dedicat serviciilor de \u00eenfrumuse\u021bare premium, unde profesionalismul se \u00eembin\u0103 cu pasiunea pentru estetic\u0103. Participan\u021bii vor avea parte de o experien\u021b\u0103 exclusiv\u0103, surprize speciale \u0219i oportunitatea de a descoperi cele mai noi tendin\u021be \u00een domeniul micropigment\u0103rii \u0219i al \u00eengrijirii personale.<\/p>\n<p>\ud83c\udf81<strong> Beneficii pentru participan\u021bi:<\/strong><br \/>\n&#8211; Voucher \u00een valoare de 300 lei pentru servicii \u00een salon<br \/>\n&#8211; \u00censcriere automat\u0103 la un concurs cu premiul cel mare de 2.000 lei<br \/>\n&#8211; Demonstra\u021bii live \u0219i prezent\u0103ri de proceduri<br \/>\n&#8211; Interac\u021biune direct\u0103 cu speciali\u0219tii salonului<\/p>\n<p>Ne dorim s\u0103 oferim comunit\u0103\u021bii locale un loc unde frumuse\u021bea este pus\u0103 \u00een valoare prin tehnici moderne \u0219i produse de calitate superioar\u0103. Prezen\u021ba dumneavoastr\u0103 va contribui la succesul acestui \u00eenceput \u0219i la crearea unei conexiuni autentice cu publicul.<\/p>\n<p><strong><em>V\u0103 a\u0219tept\u0103m s\u0103 celebr\u0103m \u00eempreun\u0103 elegan\u021ba, stilul \u0219i un nou standard \u00een servicii de beauty!<\/em><\/strong><\/p>\n","protected":false},"excerpt":{"rendered":"<p>V\u0103 invit\u0103m cu drag s\u0103 lua\u021bi parte la<\/p>\n","protected":false},"author":1,"featured_media":0,"comment_status":"open","ping_status":"open","sticky":false,"template":"","format":"standard","meta":{"footnotes":""},"categories":[6],"tags":[],"class_list":["post-121904","post","type-post","status-publish","format-standard","hentry","category-breaking-news"],"_links":{"self":[{"href":"https:\/\/www.giurgiuveanul.ro\/stiri\/wp-json\/wp\/v2\/posts\/121904","targetHints":{"allow":["GET"]}}],"collection":[{"href":"https:\/\/www.giurgiuveanul.ro\/stiri\/wp-json\/wp\/v2\/posts"}],"about":[{"href":"https:\/\/www.giurgiuveanul.ro\/stiri\/wp-json\/wp\/v2\/types\/post"}],"author":[{"embeddable":true,"href":"https:\/\/www.giurgiuveanul.ro\/stiri\/wp-json\/wp\/v2\/users\/1"}],"replies":[{"embeddable":true,"href":"https:\/\/www.giurgiuveanul.ro\/stiri\/wp-json\/wp\/v2\/comments?post=121904"}],"version-history":[{"count":1,"href":"https:\/\/www.giurgiuveanul.ro\/stiri\/wp-json\/wp\/v2\/posts\/121904\/revisions"}],"predecessor-version":[{"id":121906,"href":"https:\/\/www.giurgiuveanul.ro\/stiri\/wp-json\/wp\/v2\/posts\/121904\/revisions\/121906"}],"wp:attachment":[{"href":"https:\/\/www.giurgiuveanul.ro\/stiri\/wp-json\/wp\/v2\/media?parent=121904"}],"wp:term":[{"taxonomy":"category","embeddable":true,"href":"https:\/\/www.giurgiuveanul.ro\/stiri\/wp-json\/wp\/v2\/categories?post=121904"},{"taxonomy":"post_tag","embeddable":true,"href":"https:\/\/www.giurgiuveanul.ro\/stiri\/wp-json\/wp\/v2\/tags?post=121904"}],"curies":[{"name":"wp","href":"https:\/\/api.w.org\/{rel}","templated":true}]}}