{"id":121907,"date":"2026-04-30T19:13:56","date_gmt":"2026-04-30T16:13:56","guid":{"rendered":"https:\/\/www.giurgiuveanul.ro\/stiri\/?p=121907"},"modified":"2026-04-30T19:14:48","modified_gmt":"2026-04-30T16:14:48","slug":"controale-pe-drumurile-judetene-din-giurgiu-trafic-redus-de-marfa-si-respectarea-limitelor-de-tonaj","status":"publish","type":"post","link":"https:\/\/www.giurgiuveanul.ro\/stiri\/controale-pe-drumurile-judetene-din-giurgiu-trafic-redus-de-marfa-si-respectarea-limitelor-de-tonaj\/","title":{"rendered":"Controale pe drumurile jude\u021bene din Giurgiu: trafic redus de marf\u0103 \u0219i respectarea limitelor de tonaj"},"content":{"rendered":"<p style=\"text-align: justify;\" data-start=\"106\" data-end=\"363\"><strong><a href=\"https:\/\/www.giurgiuveanul.ro\/stiri\/wp-content\/uploads\/2026\/04\/transport-0-.jpg\"><img loading=\"lazy\" decoding=\"async\" class=\"aligncenter wp-image-121908\" src=\"https:\/\/www.giurgiuveanul.ro\/stiri\/wp-content\/uploads\/2026\/04\/transport-0--553x450.jpg\" alt=\"\" width=\"582\" height=\"474\" srcset=\"https:\/\/www.giurgiuveanul.ro\/stiri\/wp-content\/uploads\/2026\/04\/transport-0--553x450.jpg 553w, https:\/\/www.giurgiuveanul.ro\/stiri\/wp-content\/uploads\/2026\/04\/transport-0--250x204.jpg 250w, https:\/\/www.giurgiuveanul.ro\/stiri\/wp-content\/uploads\/2026\/04\/transport-0--768x626.jpg 768w, https:\/\/www.giurgiuveanul.ro\/stiri\/wp-content\/uploads\/2026\/04\/transport-0--400x326.jpg 400w, https:\/\/www.giurgiuveanul.ro\/stiri\/wp-content\/uploads\/2026\/04\/transport-0-.jpg 1536w\" sizes=\"auto, (max-width: 582px) 100vw, 582px\" \/><\/a>Echipajele de Control Trafic<!--more--> din cadrul <span class=\"hover:entity-accent entity-underline inline cursor-pointer align-baseline\"><span class=\"whitespace-normal\">Direc\u021bia Jude\u021bean\u0103 de Transport, Administrare Drumuri \u0219i Control Trafic Giurgiu<\/span><\/span> au desf\u0103\u0219urat o ac\u021biune ampl\u0103 de verificare, \u00een colaborare cu reprezentan\u021bii <span class=\"hover:entity-accent entity-underline inline cursor-pointer align-baseline\"><span class=\"whitespace-normal\">IPJ Giurgiu \u2013 Serviciul Rutier<\/span><\/span>, pe mai multe tronsoane de drumuri jude\u021bene intens monitorizate.<\/strong><\/p>\n<p style=\"text-align: justify;\" data-start=\"365\" data-end=\"635\">Verific\u0103rile au avut loc pe DJ 603, pe sectoarele Uzunu\u2013Schitu \u0219i Schitu\u2013Naipu, precum \u0219i pe DJ 503, \u00een zona localit\u0103\u021bii B\u0103lanu. Scopul principal al ac\u021biunii a fost respectarea reglement\u0103rilor privind tonajul maxim admis \u0219i prevenirea degrad\u0103rii infrastructurii rutiere.<\/p>\n<p data-start=\"365\" data-end=\"635\"><a href=\"https:\/\/www.giurgiuveanul.ro\/stiri\/wp-content\/uploads\/2026\/04\/transport-1-.jpg\"><img loading=\"lazy\" decoding=\"async\" class=\"aligncenter  wp-image-121910\" src=\"https:\/\/www.giurgiuveanul.ro\/stiri\/wp-content\/uploads\/2026\/04\/transport-1--560x371.jpg\" alt=\"\" width=\"575\" height=\"381\" srcset=\"https:\/\/www.giurgiuveanul.ro\/stiri\/wp-content\/uploads\/2026\/04\/transport-1--560x371.jpg 560w, https:\/\/www.giurgiuveanul.ro\/stiri\/wp-content\/uploads\/2026\/04\/transport-1--250x166.jpg 250w, https:\/\/www.giurgiuveanul.ro\/stiri\/wp-content\/uploads\/2026\/04\/transport-1--768x509.jpg 768w, https:\/\/www.giurgiuveanul.ro\/stiri\/wp-content\/uploads\/2026\/04\/transport-1--400x265.jpg 400w, https:\/\/www.giurgiuveanul.ro\/stiri\/wp-content\/uploads\/2026\/04\/transport-1-.jpg 1461w\" sizes=\"auto, (max-width: 575px) 100vw, 575px\" \/><\/a> <a href=\"https:\/\/www.giurgiuveanul.ro\/stiri\/wp-content\/uploads\/2026\/04\/transport-2-.jpg\"><img loading=\"lazy\" decoding=\"async\" class=\"aligncenter  wp-image-121911\" src=\"https:\/\/www.giurgiuveanul.ro\/stiri\/wp-content\/uploads\/2026\/04\/transport-2--551x450.jpg\" alt=\"\" width=\"566\" height=\"462\" srcset=\"https:\/\/www.giurgiuveanul.ro\/stiri\/wp-content\/uploads\/2026\/04\/transport-2--551x450.jpg 551w, https:\/\/www.giurgiuveanul.ro\/stiri\/wp-content\/uploads\/2026\/04\/transport-2--250x204.jpg 250w, https:\/\/www.giurgiuveanul.ro\/stiri\/wp-content\/uploads\/2026\/04\/transport-2--768x627.jpg 768w, https:\/\/www.giurgiuveanul.ro\/stiri\/wp-content\/uploads\/2026\/04\/transport-2--400x327.jpg 400w, https:\/\/www.giurgiuveanul.ro\/stiri\/wp-content\/uploads\/2026\/04\/transport-2-.jpg 1536w\" sizes=\"auto, (max-width: 566px) 100vw, 566px\" \/><\/a><\/p>\n<p style=\"text-align: justify;\" data-start=\"637\" data-end=\"982\">Potrivit datelor din teren, \u00een timpul controalelor s-a constatat o circula\u021bie foarte redus\u0103 a autovehiculelor de marf\u0103, iar cele identificate se \u00eencadrau \u00een limitele legale de tonaj. Aceast\u0103 situa\u021bie indic\u0103 o conformare crescut\u0103 a transportatorilor la normele \u00een vigoare \u0219i o eficien\u021b\u0103 a m\u0103surilor de monitorizare implementate la nivel jude\u021bean.<\/p>\n<p style=\"text-align: justify;\" data-start=\"984\" data-end=\"1345\">Directorul general al institu\u021biei, <strong><span class=\"hover:entity-accent entity-underline inline cursor-pointer align-baseline\"><span class=\"whitespace-normal\">Daniel C\u0103rpu\u0219or<\/span><\/span><\/strong>, a subliniat importan\u021ba acestor ac\u021biuni: <em>\u201eNe dorim s\u0103 protej\u0103m infrastructura rutier\u0103 \u0219i s\u0103 asigur\u0103m condi\u021bii de siguran\u021b\u0103 pentru to\u021bi participan\u021bii la trafic. Controalele vor continua \u0219i \u00een perioada urm\u0103toare, \u00een special pe sectoarele unde exist\u0103 riscul de suprasolicitare a drumurilor.\u201d<\/em><\/p>\n<p style=\"text-align: justify;\" data-start=\"1347\" data-end=\"1520\" data-is-last-node=\"\" data-is-only-node=\"\">Astfel de verific\u0103ri periodice contribuie la men\u021binerea drumurilor jude\u021bene \u00een stare bun\u0103 \u0219i la prevenirea deterior\u0103rilor cauzate de transportul ilegal sau supradimensionat.<\/p>\n","protected":false},"excerpt":{"rendered":"<p>Echipajele de Control Trafic<\/p>\n","protected":false},"author":1,"featured_media":0,"comment_status":"open","ping_status":"open","sticky":false,"template":"","format":"standard","meta":{"footnotes":""},"categories":[6],"tags":[],"class_list":["post-121907","post","type-post","status-publish","format-standard","hentry","category-breaking-news"],"_links":{"self":[{"href":"https:\/\/www.giurgiuveanul.ro\/stiri\/wp-json\/wp\/v2\/posts\/121907","targetHints":{"allow":["GET"]}}],"collection":[{"href":"https:\/\/www.giurgiuveanul.ro\/stiri\/wp-json\/wp\/v2\/posts"}],"about":[{"href":"https:\/\/www.giurgiuveanul.ro\/stiri\/wp-json\/wp\/v2\/types\/post"}],"author":[{"embeddable":true,"href":"https:\/\/www.giurgiuveanul.ro\/stiri\/wp-json\/wp\/v2\/users\/1"}],"replies":[{"embeddable":true,"href":"https:\/\/www.giurgiuveanul.ro\/stiri\/wp-json\/wp\/v2\/comments?post=121907"}],"version-history":[{"count":2,"href":"https:\/\/www.giurgiuveanul.ro\/stiri\/wp-json\/wp\/v2\/posts\/121907\/revisions"}],"predecessor-version":[{"id":121912,"href":"https:\/\/www.giurgiuveanul.ro\/stiri\/wp-json\/wp\/v2\/posts\/121907\/revisions\/121912"}],"wp:attachment":[{"href":"https:\/\/www.giurgiuveanul.ro\/stiri\/wp-json\/wp\/v2\/media?parent=121907"}],"wp:term":[{"taxonomy":"category","embeddable":true,"href":"https:\/\/www.giurgiuveanul.ro\/stiri\/wp-json\/wp\/v2\/categories?post=121907"},{"taxonomy":"post_tag","embeddable":true,"href":"https:\/\/www.giurgiuveanul.ro\/stiri\/wp-json\/wp\/v2\/tags?post=121907"}],"curies":[{"name":"wp","href":"https:\/\/api.w.org\/{rel}","templated":true}]}}