{"id":121914,"date":"2026-04-30T19:39:05","date_gmt":"2026-04-30T16:39:05","guid":{"rendered":"https:\/\/www.giurgiuveanul.ro\/stiri\/?p=121914"},"modified":"2026-04-30T19:46:35","modified_gmt":"2026-04-30T16:46:35","slug":"accident-rutier-grav-trei-persoane-printre-care-un-copil-transportate-de-urgenta-la-spital","status":"publish","type":"post","link":"https:\/\/www.giurgiuveanul.ro\/stiri\/accident-rutier-grav-trei-persoane-printre-care-un-copil-transportate-de-urgenta-la-spital\/","title":{"rendered":"Accident rutier grav: trei persoane, printre care un copil, transportate de urgen\u021b\u0103 la spital"},"content":{"rendered":"<p style=\"text-align: justify;\"><strong><a href=\"https:\/\/www.giurgiuveanul.ro\/stiri\/wp-content\/uploads\/2026\/04\/000-ACCIDENT-APRILIE-.jpg\"><img loading=\"lazy\" decoding=\"async\" class=\"aligncenter wp-image-121915\" src=\"https:\/\/www.giurgiuveanul.ro\/stiri\/wp-content\/uploads\/2026\/04\/000-ACCIDENT-APRILIE--560x362.jpg\" alt=\"\" width=\"589\" height=\"381\" srcset=\"https:\/\/www.giurgiuveanul.ro\/stiri\/wp-content\/uploads\/2026\/04\/000-ACCIDENT-APRILIE--560x362.jpg 560w, https:\/\/www.giurgiuveanul.ro\/stiri\/wp-content\/uploads\/2026\/04\/000-ACCIDENT-APRILIE--250x162.jpg 250w, https:\/\/www.giurgiuveanul.ro\/stiri\/wp-content\/uploads\/2026\/04\/000-ACCIDENT-APRILIE--768x496.jpg 768w, https:\/\/www.giurgiuveanul.ro\/stiri\/wp-content\/uploads\/2026\/04\/000-ACCIDENT-APRILIE--400x259.jpg 400w, https:\/\/www.giurgiuveanul.ro\/stiri\/wp-content\/uploads\/2026\/04\/000-ACCIDENT-APRILIE-.jpg 1374w\" sizes=\"auto, (max-width: 589px) 100vw, 589px\" \/><\/a>Un accident rutier<!--more--> s-a produs \u00een aceast\u0103 dup\u0103-amiaz\u0103 \u00een localitatea G\u0103iseni, jude\u021bul Giurgiu, \u00een urma c\u0103ruia trei persoane au ajuns la spital, potrivit informa\u021biilor transmise de ISU Giurgiu.<\/strong><\/p>\n<p><a href=\"https:\/\/www.giurgiuveanul.ro\/stiri\/wp-content\/uploads\/2026\/04\/000-ACCIDENT-APRILIE-2.jpg\"><img loading=\"lazy\" decoding=\"async\" class=\"aligncenter wp-image-121916\" src=\"https:\/\/www.giurgiuveanul.ro\/stiri\/wp-content\/uploads\/2026\/04\/000-ACCIDENT-APRILIE-2-560x336.jpg\" alt=\"\" width=\"582\" height=\"349\" srcset=\"https:\/\/www.giurgiuveanul.ro\/stiri\/wp-content\/uploads\/2026\/04\/000-ACCIDENT-APRILIE-2-560x336.jpg 560w, https:\/\/www.giurgiuveanul.ro\/stiri\/wp-content\/uploads\/2026\/04\/000-ACCIDENT-APRILIE-2-250x150.jpg 250w, https:\/\/www.giurgiuveanul.ro\/stiri\/wp-content\/uploads\/2026\/04\/000-ACCIDENT-APRILIE-2-768x461.jpg 768w, https:\/\/www.giurgiuveanul.ro\/stiri\/wp-content\/uploads\/2026\/04\/000-ACCIDENT-APRILIE-2-1536x922.jpg 1536w, https:\/\/www.giurgiuveanul.ro\/stiri\/wp-content\/uploads\/2026\/04\/000-ACCIDENT-APRILIE-2-400x240.jpg 400w, https:\/\/www.giurgiuveanul.ro\/stiri\/wp-content\/uploads\/2026\/04\/000-ACCIDENT-APRILIE-2.jpg 1749w\" sizes=\"auto, (max-width: 582px) 100vw, 582px\" \/><\/a><\/p>\n<p style=\"text-align: justify;\">\u00cen eveniment au fost implicate dou\u0103 autoturisme, impactul mobiliz\u00e2nd un num\u0103r important de for\u021be de interven\u021bie. La fa\u021ba locului <strong>au ac\u021bionat pompierii din cadrul Deta\u0219amentului Bolintin Deal<\/strong>, \u00ee<strong>n cooperare cu ISU D\u00e2mbovi\u021ba, care au intervenit cu o autospecial\u0103 de stingere dotat\u0103 cu modul de descarcerare, dou\u0103 ambulan\u021be SMURD, dou\u0103 echipaje SAJ \u0219i poli\u021bia<\/strong>.<\/p>\n<p style=\"text-align: justify;\">Av\u00e2nd \u00een vedere gravitatea situa\u021biei, a fost solicitat\u0103 \u00een sprijin \u0219i <strong>o unitate de terapie intensiv\u0103 mobil\u0103 din cadrul ISU Bucure\u0219ti-Ilfov<\/strong>.<\/p>\n<p style=\"text-align: justify;\">Echipajele medicale au preluat \u0219i transportat la unit\u0103\u021bi spitalice\u0219ti trei victime: un b\u0103rbat de 37 de ani, aflat la volanul unuia dintre autoturisme, o femeie de 28 de ani \u0219i o feti\u021b\u0103 de aproximativ 8 ani, aceasta fiind \u00eenso\u021bit\u0103 de tat\u0103l s\u0103u. B\u0103rbatul care o \u00eenso\u021bea pe minor\u0103 a fost evaluat la fa\u021ba locului de paramedici, f\u0103r\u0103 a necesita transportul la spital.<\/p>\n<p style=\"text-align: justify;\">Pompierii au intervenit pentru asigurarea m\u0103surilor de prevenire a incendiilor, elimin\u00e2nd riscurile ce puteau ap\u0103rea \u00een urma impactului.<\/p>\n<p style=\"text-align: justify;\">Cazul a r\u0103mas \u00een aten\u021bia poli\u021bi\u0219tilor, care desf\u0103\u0219oar\u0103 cercet\u0103ri pentru a stabili cu exactitate circumstan\u021bele producerii accidentului.<\/p>\n","protected":false},"excerpt":{"rendered":"<p>Un accident rutier<\/p>\n","protected":false},"author":1,"featured_media":0,"comment_status":"open","ping_status":"open","sticky":false,"template":"","format":"standard","meta":{"footnotes":""},"categories":[6],"tags":[],"class_list":["post-121914","post","type-post","status-publish","format-standard","hentry","category-breaking-news"],"_links":{"self":[{"href":"https:\/\/www.giurgiuveanul.ro\/stiri\/wp-json\/wp\/v2\/posts\/121914","targetHints":{"allow":["GET"]}}],"collection":[{"href":"https:\/\/www.giurgiuveanul.ro\/stiri\/wp-json\/wp\/v2\/posts"}],"about":[{"href":"https:\/\/www.giurgiuveanul.ro\/stiri\/wp-json\/wp\/v2\/types\/post"}],"author":[{"embeddable":true,"href":"https:\/\/www.giurgiuveanul.ro\/stiri\/wp-json\/wp\/v2\/users\/1"}],"replies":[{"embeddable":true,"href":"https:\/\/www.giurgiuveanul.ro\/stiri\/wp-json\/wp\/v2\/comments?post=121914"}],"version-history":[{"count":3,"href":"https:\/\/www.giurgiuveanul.ro\/stiri\/wp-json\/wp\/v2\/posts\/121914\/revisions"}],"predecessor-version":[{"id":121919,"href":"https:\/\/www.giurgiuveanul.ro\/stiri\/wp-json\/wp\/v2\/posts\/121914\/revisions\/121919"}],"wp:attachment":[{"href":"https:\/\/www.giurgiuveanul.ro\/stiri\/wp-json\/wp\/v2\/media?parent=121914"}],"wp:term":[{"taxonomy":"category","embeddable":true,"href":"https:\/\/www.giurgiuveanul.ro\/stiri\/wp-json\/wp\/v2\/categories?post=121914"},{"taxonomy":"post_tag","embeddable":true,"href":"https:\/\/www.giurgiuveanul.ro\/stiri\/wp-json\/wp\/v2\/tags?post=121914"}],"curies":[{"name":"wp","href":"https:\/\/api.w.org\/{rel}","templated":true}]}}