{"id":121920,"date":"2026-05-01T11:31:06","date_gmt":"2026-05-01T08:31:06","guid":{"rendered":"https:\/\/www.giurgiuveanul.ro\/stiri\/?p=121920"},"modified":"2026-05-01T11:32:17","modified_gmt":"2026-05-01T08:32:17","slug":"alina-va-fi-condusa-astazi-pe-ultimul-drum","status":"publish","type":"post","link":"https:\/\/www.giurgiuveanul.ro\/stiri\/alina-va-fi-condusa-astazi-pe-ultimul-drum\/","title":{"rendered":"Alina va fi condus\u0103 ast\u0103zi pe ultimul drum&#8230;"},"content":{"rendered":"<p style=\"text-align: justify;\"><a href=\"https:\/\/www.giurgiuveanul.ro\/stiri\/wp-content\/uploads\/2026\/05\/WhatsApp-Image-2026-04-30-at-09.03.03.jpeg\"><img loading=\"lazy\" decoding=\"async\" class=\"aligncenter wp-image-121921\" src=\"https:\/\/www.giurgiuveanul.ro\/stiri\/wp-content\/uploads\/2026\/05\/WhatsApp-Image-2026-04-30-at-09.03.03-385x450.jpeg\" alt=\"\" width=\"631\" height=\"738\" srcset=\"https:\/\/www.giurgiuveanul.ro\/stiri\/wp-content\/uploads\/2026\/05\/WhatsApp-Image-2026-04-30-at-09.03.03-385x450.jpeg 385w, https:\/\/www.giurgiuveanul.ro\/stiri\/wp-content\/uploads\/2026\/05\/WhatsApp-Image-2026-04-30-at-09.03.03-250x292.jpeg 250w, https:\/\/www.giurgiuveanul.ro\/stiri\/wp-content\/uploads\/2026\/05\/WhatsApp-Image-2026-04-30-at-09.03.03-768x898.jpeg 768w, https:\/\/www.giurgiuveanul.ro\/stiri\/wp-content\/uploads\/2026\/05\/WhatsApp-Image-2026-04-30-at-09.03.03-400x468.jpeg 400w, https:\/\/www.giurgiuveanul.ro\/stiri\/wp-content\/uploads\/2026\/05\/WhatsApp-Image-2026-04-30-at-09.03.03.jpeg 1166w\" sizes=\"auto, (max-width: 631px) 100vw, 631px\" \/><\/a>O tragedie<!--more--> care a cutremurat o \u00eentreag\u0103 comunitate s-a petrecut pe Drumul Jude\u021bean 601, \u00eentre localit\u0103\u021bile Videle \u0219i M\u00e2r\u0219a. <strong>Alina<\/strong>, o adolescent\u0103 de doar 16 ani, din comuna Roata de Jos, \u0219i-a pierdut via\u021ba \u00een urma unui accident rutier devastator, \u00een care a murit \u0219i <strong>Andrei<\/strong>, un t\u00e2n\u0103r de 21 de ani.<\/p>\n<p style=\"text-align: justify;\">Cei doi se aflau pasageri \u00eentr-un autoturism care s-a izbit frontal de un microbuz ce circula din sens opus. Impactul a fost violent, iar pentru ei nu s-a mai putut face nimic. Totul s-a petrecut <strong>luni, 27 aprilie 2026, \u00een jurul orei 22:40<\/strong> \u2013 o clip\u0103 care a schimbat pentru totdeauna destine \u0219i a l\u0103sat \u00een urm\u0103 durere greu de cuprins \u00een cuvinte.<\/p>\n<p style=\"text-align: justify;\">Cu doar c\u00e2teva ore \u00eenainte de tragedie, Alina postase un mesaj care ast\u0103zi cap\u0103t\u0103 o \u00eenc\u0103rc\u0103tur\u0103 cutremur\u0103toare: \u201eF\u0103 tot ce \u00ee\u021bi dore\u0219ti. Sunt pline cimitirele de oameni care credeau c\u0103 au timp.\u201d<\/p>\n<p style=\"text-align: justify;\">Ast\u0103zi, de la ora 14:00, t\u00e2n\u0103ra va fi condus\u0103 pe ultimul drum, la cimitirul din localitatea Sadina. Familia, prieteni \u0219i to\u021bi cei care au cunoscut-o \u00ee\u015fi vor lua r\u0103mas-bun, \u00eentr-un moment de profund\u0103 durere \u0219i reculegere.<\/p>\n<p style=\"text-align: justify;\">Plecarea ei fulger\u0103toare las\u0103 un gol imens \u0219i o \u00eentrebare f\u0103r\u0103 r\u0103spuns: de ce at\u00e2t de devreme?<\/p>\n<p style=\"text-align: justify;\"><em>Dumnezeu s-o ierte \u0219i s\u0103 o odihneasc\u0103 \u00een pace.<\/em><\/p>\n","protected":false},"excerpt":{"rendered":"<p>O tragedie<\/p>\n","protected":false},"author":1,"featured_media":0,"comment_status":"open","ping_status":"open","sticky":false,"template":"","format":"standard","meta":{"footnotes":""},"categories":[18],"tags":[],"class_list":["post-121920","post","type-post","status-publish","format-standard","hentry","category-tragedie"],"_links":{"self":[{"href":"https:\/\/www.giurgiuveanul.ro\/stiri\/wp-json\/wp\/v2\/posts\/121920","targetHints":{"allow":["GET"]}}],"collection":[{"href":"https:\/\/www.giurgiuveanul.ro\/stiri\/wp-json\/wp\/v2\/posts"}],"about":[{"href":"https:\/\/www.giurgiuveanul.ro\/stiri\/wp-json\/wp\/v2\/types\/post"}],"author":[{"embeddable":true,"href":"https:\/\/www.giurgiuveanul.ro\/stiri\/wp-json\/wp\/v2\/users\/1"}],"replies":[{"embeddable":true,"href":"https:\/\/www.giurgiuveanul.ro\/stiri\/wp-json\/wp\/v2\/comments?post=121920"}],"version-history":[{"count":3,"href":"https:\/\/www.giurgiuveanul.ro\/stiri\/wp-json\/wp\/v2\/posts\/121920\/revisions"}],"predecessor-version":[{"id":121924,"href":"https:\/\/www.giurgiuveanul.ro\/stiri\/wp-json\/wp\/v2\/posts\/121920\/revisions\/121924"}],"wp:attachment":[{"href":"https:\/\/www.giurgiuveanul.ro\/stiri\/wp-json\/wp\/v2\/media?parent=121920"}],"wp:term":[{"taxonomy":"category","embeddable":true,"href":"https:\/\/www.giurgiuveanul.ro\/stiri\/wp-json\/wp\/v2\/categories?post=121920"},{"taxonomy":"post_tag","embeddable":true,"href":"https:\/\/www.giurgiuveanul.ro\/stiri\/wp-json\/wp\/v2\/tags?post=121920"}],"curies":[{"name":"wp","href":"https:\/\/api.w.org\/{rel}","templated":true}]}}