{"id":121925,"date":"2026-05-01T12:47:06","date_gmt":"2026-05-01T09:47:06","guid":{"rendered":"https:\/\/www.giurgiuveanul.ro\/stiri\/?p=121925"},"modified":"2026-05-01T12:47:06","modified_gmt":"2026-05-01T09:47:06","slug":"semifinala-judeteana-maratonul-pentru-educatie-antreprenoriala-iv-aduce-la-giurgiu-12-echipe-de-liceeni-care-isi-prezinta-planurile-de-afaceri","status":"publish","type":"post","link":"https:\/\/www.giurgiuveanul.ro\/stiri\/semifinala-judeteana-maratonul-pentru-educatie-antreprenoriala-iv-aduce-la-giurgiu-12-echipe-de-liceeni-care-isi-prezinta-planurile-de-afaceri\/","title":{"rendered":"Semifinala jude\u021bean\u0103 \u201eMaratonul pentru Educa\u021bie Antreprenorial\u0103\u201d IV aduce la Giurgiu 12 echipe de liceeni care \u00ee\u0219i prezint\u0103 planurile de afaceri"},"content":{"rendered":"<p style=\"text-align: justify;\"><strong><a href=\"https:\/\/www.giurgiuveanul.ro\/stiri\/wp-content\/uploads\/2026\/05\/0000000000-Untitled.jpg\"><img loading=\"lazy\" decoding=\"async\" class=\"aligncenter  wp-image-121926\" src=\"https:\/\/www.giurgiuveanul.ro\/stiri\/wp-content\/uploads\/2026\/05\/0000000000-Untitled-560x293.jpg\" alt=\"\" width=\"740\" height=\"387\" srcset=\"https:\/\/www.giurgiuveanul.ro\/stiri\/wp-content\/uploads\/2026\/05\/0000000000-Untitled-560x293.jpg 560w, https:\/\/www.giurgiuveanul.ro\/stiri\/wp-content\/uploads\/2026\/05\/0000000000-Untitled-250x131.jpg 250w, https:\/\/www.giurgiuveanul.ro\/stiri\/wp-content\/uploads\/2026\/05\/0000000000-Untitled-768x402.jpg 768w, https:\/\/www.giurgiuveanul.ro\/stiri\/wp-content\/uploads\/2026\/05\/0000000000-Untitled-400x209.jpg 400w, https:\/\/www.giurgiuveanul.ro\/stiri\/wp-content\/uploads\/2026\/05\/0000000000-Untitled.jpg 1200w\" sizes=\"auto, (max-width: 740px) 100vw, 740px\" \/><\/a>Confedera\u021bia Na\u021bional\u0103 pentru Antreprenoriat Feminin (CONAF) \u2013 Sucursala Giurgiu organizeaz\u0103<!--more--> mar\u021bi, 5 mai 2026, de la ora 11:00, la Teatrul Tudor Vianu din Giurgiu, semifinala jude\u021bean\u0103 a competi\u021biei de planuri de afaceri \u201eMaratonul pentru Educa\u021bie Antreprenorial\u0103\u201d IV, parte a programului na\u021bional omonim dedicat descoperirii voca\u021biei \u0219i dezvolt\u0103rii spiritului antreprenorial \u00een r\u00e2ndul tinerilor.<\/strong> <strong>Programul a ajuns la cea de-a patra edi\u021bie, este implementat \u00een 30 de jude\u021be \u0219i este realizat \u00een parteneriat cu Ministerul Educa\u021biei \u0219i Cercet\u0103rii, Universitatea de Vest din Timi\u0219oara \u0219i Asocia\u021bia Na\u021bional\u0103 a Antreprenorilor, av\u00e2nd Banca Na\u021bional\u0103 a Rom\u00e2niei (BNR) ca partener strategic. Conceptul programului este \u00eenregistrat la OSIM, confirm\u00e2nd caracterul s\u0103u inovator \u0219i original, \u00eentr-un moment \u00een care educa\u021bia antreprenorial\u0103 era aproape absent\u0103 din parcursul educa\u021bional al tinerilor. <\/strong><\/p>\n<p style=\"text-align: justify;\">\u00centr-un context economic \u0219i profesional aflat \u00eentr-o continu\u0103 transformare, \u00een care adaptabilitatea \u0219i ini\u021biativa devin competen\u021be esen\u021biale, educa\u021bia antreprenorial\u0103 cap\u0103t\u0103 un rol strategic. Prin acest program, CONAF creeaz\u0103 un cadru \u00een care liceenii \u00ee\u0219i pot testa ideile, \u00ee\u0219i pot dezvolta g\u00e2ndirea critic\u0103 \u0219i \u00ee\u0219i pot construi \u00eencrederea necesar\u0103 pentru a face primii pa\u0219i c\u0103tre un viitor profesional asumat.<\/p>\n<p style=\"text-align: justify;\">Evenimentul reune\u0219te 12 echipe <strong>formate din 4-6<\/strong> liceeni din jude\u021bul Giurgiu, care vor intra \u00een competi\u021bie cu idei de afaceri dezvoltate \u00een urma orelor de educa\u021bie antreprenorial\u0103 desf\u0103\u0219urate \u00eencep\u00e2nd cu luna martie 2025. Peste 180 de liceeni au beneficiat de aceste sesiuni aplicate, sus\u021binute de antreprenori locali, implica\u021bi activ \u00een formarea unei noi genera\u021bii orientate c\u0103tre ini\u021biativ\u0103 \u0219i responsabilitate economic\u0103.<\/p>\n<p style=\"text-align: justify;\">\u00cen cadrul semifinalei jude\u021bene de la Giurgiu, echipele participante vor fi evaluate de un juriu format din antreprenori \u0219i profesioni\u0219ti cu experien\u021b\u0103, care vor analiza ideile de afaceri propuse, fezabilitatea acestora, modul de implementare, coeren\u021ba planului de business, capacitatea de lucru \u00een echip\u0103 \u0219i calitatea prezent\u0103rii.<\/p>\n<p style=\"text-align: justify;\">Echipa clasat\u0103 pe locul 1 va ob\u021bine calificarea \u00een finala na\u021bional\u0103 din Bucure\u0219ti, unde vor avea oportunitatea de a interac\u021biona cu antreprenori de top, de a participa la sesiuni de mentorat \u0219i de a-\u0219i valida ideile \u00eentr-un context competitiv de anvergur\u0103.<\/p>\n<p style=\"text-align: justify;\">CONAF consider\u0103 c\u0103 educa\u021bia antreprenorial\u0103 \u021bine de business \u0219i de formarea unei mentalit\u0103\u021bi. \u00censeamn\u0103 curajul de a \u00eencerca, asumarea responsabilit\u0103\u021bii \u0219i capacitatea de a transforma ideile \u00een realitate. Prin acest program, CONAF ofer\u0103 liceenilor informa\u021bie, experien\u021b\u0103, inspira\u021bie, \u0219i direc\u021bie pentru c\u0103 viitorul nu se a\u0219teapt\u0103, se construie\u0219te.<\/p>\n<p style=\"text-align: justify;\">La eveniment vor participa reprezentan\u021bi ai autorit\u0103\u021bilor locale, ai mediului educa\u021bional \u0219i antreprenorial, profesori coordonatori \u0219i elevi implica\u021bi \u00een program.<\/p>\n<p style=\"text-align: justify;\">Accesul la eveniment este liber, \u00een limita locurilor disponibile.<\/p>\n<p style=\"text-align: justify;\">\u201eMaratonul pentru Educa\u021bie Antreprenorial\u0103\u201d este cel mai amplu program na\u021bional dedicat liceenilor, care conecteaz\u0103 educa\u021bia cu mediul de business \u0219i contribuie activ la formarea unei genera\u021bii preg\u0103tite s\u0103 r\u0103spund\u0103 provoc\u0103rilor economiei viitorului.<\/p>\n<p style=\"text-align: justify;\">Sponsori na\u021bionali: Auchan Rom\u00e2nia, XP Group, Garanti\u00a0 BBVA, Elit, Bizz Club, Adservio<\/p>\n<p style=\"text-align: justify;\">Partener de mobilitate: Renault Rom\u00e2nia<\/p>\n<p style=\"text-align: justify;\">Partener media: Magic FM<\/p>\n<p style=\"text-align: justify;\">Acest eveniment nu ar fi posibil f\u0103r\u0103 sus\u021binerea <strong>partenerilor locali<\/strong>: Consiliul Judetean Giurgiu, Inspectoratul Judetean Giurgiu, Primaria Municipiului Giurgiu, Teatrul Tudor Vianu Giurgiu<\/p>\n<p style=\"text-align: justify;\"><strong>sponsorilor locali: <\/strong>Consiliul Judetean Giurgiu, Complex Sportiv Titan, LETS BETTER, 5togo, Cofetaria Sofia<\/p>\n<p style=\"text-align: justify;\">\n<p style=\"text-align: justify;\"><strong>Despre CONAF:<\/strong><\/p>\n<p style=\"text-align: left;\">Confederat\u0327ia Nat\u0327ionala\u0306 pentru Antreprenoriat Feminin (CONAF) este cea mai relevanta\u0306 confederat\u0326ie din Roma\u0302nia care militeaz\u0103 pentru eficientizarea dialogului cu autorit\u0103\u021bile, conlucrarea pentru elaborarea de politici publice care s\u0103 conduc\u0103 la cre\u0219tere economic\u0103 sustenabil\u0103 \u0219i sprijin\u0103 antreprenorii, recunosc\u00e2ndu-le meritele. CONAF reprezinta\u0306 cea mai mare entitate de acest gen din Roma\u0302nia, o organizat\u0326ie care sust\u0326ine s\u0326i promoveaza\u0306 antreprenoriatul roma\u0302nesc, lucru fa\u0306ra\u0306 precedent, care deschide orizonturi de colaborare s\u0326i cooperare at\u00e2t pe plan intern c\u00e2t s\u0326i interna\u021bional. CONAF a luat fiin\u021b\u0103\u0306 ca urmare a necesita\u021bii de a crea o cultura\u0306 antreprenoriala\u0306 moderna\u0306, sustenabila\u0306 s\u0326i echitabila\u0306, nu numai pentru antreprenoriatul feminin, ci s\u0326i pentru \u00eentregul mediu de business. CONAF are i\u0302n componen\u021ba sa 31 sucursale, 3 federa\u021bii, 16 patronate, 55 asocia\u021bii s\u0326i 15.000 de companii, peste 245.000 de angaja\u021bi.<\/p>\n<p style=\"text-align: left;\">CONAF organizeaz\u0103 evenimente importante pentru societatea rom\u00e2neasc\u0103, centrate pe educa\u021bie continua\u0306, con\u0219tientizare s\u0326i g\u0103sire de solu\u021bii pentru probleme s\u0326i domenii de larg interes public. Dezvolt\u0103 s\u0326i finalizeaz\u0103 proiecte na\u021bionale cu un impact puternic, at\u00e2t pentru societate, c\u00e2t s\u0326i pentru strategiile de dezvoltare ale autorit\u0103\u021bilor centrale s\u0326i locale.<\/p>\n<p style=\"text-align: left;\">Printre proiectele CONAF, amintim \u201ePactul pentru Tineri\u201d, \u201eMaratonul pentru Educa\u021bie Antreprenorial\u0103\u201d, Forumul \u201eDe Voca\u021bie Antreprenoare\u201d, Forumul \u201e24 Trends for 2024\u201d, SupraTAX,\u00a0 \u201eDigitalUP\u201d \u201ePactul pentru Munca\u0306\u201d &#8211; i\u0302n parteneriat cu FPPG, \u201ePactul pentru Educa\u021bie Antreprenoriala\u0306\u201d , \u201eRomanian Venture Forum\u201d seria de dialoguri deschise, \u201eTurismul Rom\u00e2nesc: \u00centre impas s\u0326i oportunitate\u201d, ce au generat pe l\u00e2ng\u0103\u0306 ecourile i\u0302n spa\u021biul public, decizii legislative schimb\u0103ri pozitive de mentalit\u0103\u021bi. Sute de speakeri s\u0326i mii de antreprenori au dezb\u0103tut i\u0302n cele mai importante ora\u0219e rom\u00e2ne\u0219ti, cele mai stringente probleme, \u00een scopul g\u0103sirii solu\u021biilor optime s\u0326i celor mai bune strategii de viitor.<\/p>\n<p style=\"text-align: left;\">CONSILIUL DIRECTOR CONAF: Cristina Chiriac, Dana Nu\u021b\u0103, Nicoleta Munteanu, Marius Ghenea, Anca Damour, Tatian Diaconu, Hildegard Brandl, Daniela Mari\u015fcu, Gabriel Biri\u015f, Dan Oros, G\u00f6rkem Oran, Theodora Popa<\/p>\n","protected":false},"excerpt":{"rendered":"<p>Confedera\u021bia Na\u021bional\u0103 pentru Antreprenoriat Feminin (CONAF) \u2013 Sucursala Giurgiu organizeaz\u0103<\/p>\n","protected":false},"author":1,"featured_media":0,"comment_status":"open","ping_status":"open","sticky":false,"template":"","format":"standard","meta":{"footnotes":""},"categories":[6],"tags":[],"class_list":["post-121925","post","type-post","status-publish","format-standard","hentry","category-breaking-news"],"_links":{"self":[{"href":"https:\/\/www.giurgiuveanul.ro\/stiri\/wp-json\/wp\/v2\/posts\/121925","targetHints":{"allow":["GET"]}}],"collection":[{"href":"https:\/\/www.giurgiuveanul.ro\/stiri\/wp-json\/wp\/v2\/posts"}],"about":[{"href":"https:\/\/www.giurgiuveanul.ro\/stiri\/wp-json\/wp\/v2\/types\/post"}],"author":[{"embeddable":true,"href":"https:\/\/www.giurgiuveanul.ro\/stiri\/wp-json\/wp\/v2\/users\/1"}],"replies":[{"embeddable":true,"href":"https:\/\/www.giurgiuveanul.ro\/stiri\/wp-json\/wp\/v2\/comments?post=121925"}],"version-history":[{"count":1,"href":"https:\/\/www.giurgiuveanul.ro\/stiri\/wp-json\/wp\/v2\/posts\/121925\/revisions"}],"predecessor-version":[{"id":121927,"href":"https:\/\/www.giurgiuveanul.ro\/stiri\/wp-json\/wp\/v2\/posts\/121925\/revisions\/121927"}],"wp:attachment":[{"href":"https:\/\/www.giurgiuveanul.ro\/stiri\/wp-json\/wp\/v2\/media?parent=121925"}],"wp:term":[{"taxonomy":"category","embeddable":true,"href":"https:\/\/www.giurgiuveanul.ro\/stiri\/wp-json\/wp\/v2\/categories?post=121925"},{"taxonomy":"post_tag","embeddable":true,"href":"https:\/\/www.giurgiuveanul.ro\/stiri\/wp-json\/wp\/v2\/tags?post=121925"}],"curies":[{"name":"wp","href":"https:\/\/api.w.org\/{rel}","templated":true}]}}