{"id":121928,"date":"2026-05-01T18:11:52","date_gmt":"2026-05-01T15:11:52","guid":{"rendered":"https:\/\/www.giurgiuveanul.ro\/stiri\/?p=121928"},"modified":"2026-05-01T18:12:19","modified_gmt":"2026-05-01T15:12:19","slug":"s-a-stins-din-viata-gabriel-cibi-un-sot-devotat-un-tata-si-bunic-iubitor","status":"publish","type":"post","link":"https:\/\/www.giurgiuveanul.ro\/stiri\/s-a-stins-din-viata-gabriel-cibi-un-sot-devotat-un-tata-si-bunic-iubitor\/","title":{"rendered":"S-a stins din via\u021b\u0103 Gabriel Cibi \u2013 un so\u021b devotat, un tat\u0103 \u0219i un bunic iubitor&#8230;"},"content":{"rendered":"<p style=\"text-align: justify;\" data-start=\"81\" data-end=\"258\"><a href=\"https:\/\/www.giurgiuveanul.ro\/stiri\/wp-content\/uploads\/2026\/05\/0000-Gabi-Cibi_-scaled.jpg\"><img loading=\"lazy\" decoding=\"async\" class=\"aligncenter wp-image-121929\" src=\"https:\/\/www.giurgiuveanul.ro\/stiri\/wp-content\/uploads\/2026\/05\/0000-Gabi-Cibi_-553x450.jpg\" alt=\"\" width=\"597\" height=\"486\" srcset=\"https:\/\/www.giurgiuveanul.ro\/stiri\/wp-content\/uploads\/2026\/05\/0000-Gabi-Cibi_-553x450.jpg 553w, https:\/\/www.giurgiuveanul.ro\/stiri\/wp-content\/uploads\/2026\/05\/0000-Gabi-Cibi_-250x203.jpg 250w, https:\/\/www.giurgiuveanul.ro\/stiri\/wp-content\/uploads\/2026\/05\/0000-Gabi-Cibi_-768x625.jpg 768w, https:\/\/www.giurgiuveanul.ro\/stiri\/wp-content\/uploads\/2026\/05\/0000-Gabi-Cibi_-1536x1250.jpg 1536w, https:\/\/www.giurgiuveanul.ro\/stiri\/wp-content\/uploads\/2026\/05\/0000-Gabi-Cibi_-2048x1667.jpg 2048w, https:\/\/www.giurgiuveanul.ro\/stiri\/wp-content\/uploads\/2026\/05\/0000-Gabi-Cibi_-400x326.jpg 400w\" sizes=\"auto, (max-width: 597px) 100vw, 597px\" \/><\/a>Durere \u0219i triste\u021be \u00een sufletele celor care<!--more--> l-au cunoscut \u0219i pre\u021buit pe <strong>Gabriel Cibi<\/strong>, care a trecut la cele ve\u0219nice, <em>la doar 63 de ani,<\/em> l\u0103s\u00e2nd \u00een urm\u0103 o familie \u00eendurerat\u0103 \u0219i amintiri de nepre\u021buit.<\/p>\n<p style=\"text-align: justify;\" data-start=\"260\" data-end=\"511\">Pentru cei apropia\u021bi, Gabriel va r\u0103m\u00e2ne mereu un sprijin, un om cald \u0219i dedicat, un so\u021b iubitor, un tat\u0103 \u0219i bunic exemplar. Plecarea sa las\u0103 un gol imens, dar \u0219i convingerea c\u0103, de acum \u00eenainte, va veghea asupra celor dragi din \u00cemp\u0103r\u0103\u021bia lui Dumnezeu.<\/p>\n<p style=\"text-align: justify;\" data-start=\"513\" data-end=\"668\">Cei care doresc s\u0103 \u00eei aduc\u0103 un ultim omagiu o pot face <strong>la <span class=\"hover:entity-accent entity-underline inline cursor-pointer align-baseline\"><span class=\"whitespace-normal\">Biserica \u201dEroilor\u201d Giurgiu<\/span><\/span><\/strong>, unde este depus trupul ne\u00eensufle\u021bit.<\/p>\n<p style=\"text-align: justify;\" data-start=\"670\" data-end=\"893\"><strong>Slujba de \u00eenmorm\u00e2ntare va avea loc s\u00e2mb\u0103t\u0103, 2 mai, la Biserica din <span class=\"hover:entity-accent entity-underline inline cursor-pointer align-baseline\"><span class=\"whitespace-normal\">Izvoarele Giurgiu<\/span><\/span><\/strong>, <strong>\u00eencep\u00e2nd cu ora 12:00<\/strong>, moment \u00een care cei care l-au cunoscut \u00ee\u0219i vor lua r\u0103mas-bun \u0219i \u00eel vor conduce pe ultimul drum.<\/p>\n<p style=\"text-align: justify;\" data-start=\"895\" data-end=\"1025\">\u00cen aceste clipe grele, familia transmite un mesaj de profund\u0103 durere, dar \u0219i de recuno\u0219tin\u021b\u0103 pentru to\u021bi cei care \u00eei sunt al\u0103turi.<\/p>\n<p style=\"text-align: justify;\" data-start=\"1027\" data-end=\"1098\" data-is-last-node=\"\" data-is-only-node=\"\"><em>Dumnezeu s\u0103 \u00eel odihneasc\u0103 \u00een pace \u0219i s\u0103 \u00eei d\u0103ruiasc\u0103 lumin\u0103 ve\u0219nic\u0103! \ud83d\ude4f<\/em><\/p>\n","protected":false},"excerpt":{"rendered":"<p>Durere \u0219i triste\u021be \u00een sufletele celor care<\/p>\n","protected":false},"author":1,"featured_media":0,"comment_status":"open","ping_status":"open","sticky":false,"template":"","format":"standard","meta":{"footnotes":""},"categories":[22],"tags":[],"class_list":["post-121928","post","type-post","status-publish","format-standard","hentry","category-deces"],"_links":{"self":[{"href":"https:\/\/www.giurgiuveanul.ro\/stiri\/wp-json\/wp\/v2\/posts\/121928","targetHints":{"allow":["GET"]}}],"collection":[{"href":"https:\/\/www.giurgiuveanul.ro\/stiri\/wp-json\/wp\/v2\/posts"}],"about":[{"href":"https:\/\/www.giurgiuveanul.ro\/stiri\/wp-json\/wp\/v2\/types\/post"}],"author":[{"embeddable":true,"href":"https:\/\/www.giurgiuveanul.ro\/stiri\/wp-json\/wp\/v2\/users\/1"}],"replies":[{"embeddable":true,"href":"https:\/\/www.giurgiuveanul.ro\/stiri\/wp-json\/wp\/v2\/comments?post=121928"}],"version-history":[{"count":2,"href":"https:\/\/www.giurgiuveanul.ro\/stiri\/wp-json\/wp\/v2\/posts\/121928\/revisions"}],"predecessor-version":[{"id":121931,"href":"https:\/\/www.giurgiuveanul.ro\/stiri\/wp-json\/wp\/v2\/posts\/121928\/revisions\/121931"}],"wp:attachment":[{"href":"https:\/\/www.giurgiuveanul.ro\/stiri\/wp-json\/wp\/v2\/media?parent=121928"}],"wp:term":[{"taxonomy":"category","embeddable":true,"href":"https:\/\/www.giurgiuveanul.ro\/stiri\/wp-json\/wp\/v2\/categories?post=121928"},{"taxonomy":"post_tag","embeddable":true,"href":"https:\/\/www.giurgiuveanul.ro\/stiri\/wp-json\/wp\/v2\/tags?post=121928"}],"curies":[{"name":"wp","href":"https:\/\/api.w.org\/{rel}","templated":true}]}}