{"id":121932,"date":"2026-05-01T19:52:31","date_gmt":"2026-05-01T16:52:31","guid":{"rendered":"https:\/\/www.giurgiuveanul.ro\/stiri\/?p=121932"},"modified":"2026-05-01T19:52:31","modified_gmt":"2026-05-01T16:52:31","slug":"accident-grav-barbat-prins-sub-capul-unui-autocamion-preluat-de-elicopterul-smurd","status":"publish","type":"post","link":"https:\/\/www.giurgiuveanul.ro\/stiri\/accident-grav-barbat-prins-sub-capul-unui-autocamion-preluat-de-elicopterul-smurd\/","title":{"rendered":"Accident grav: b\u0103rbat prins sub capul unui autocamion, preluat de elicopterul SMURD"},"content":{"rendered":"<p style=\"text-align: justify;\" data-start=\"119\" data-end=\"416\"><strong><a href=\"https:\/\/www.giurgiuveanul.ro\/stiri\/wp-content\/uploads\/2026\/05\/00000-elicopter.jpg\"><img loading=\"lazy\" decoding=\"async\" class=\"aligncenter  wp-image-121933\" src=\"https:\/\/www.giurgiuveanul.ro\/stiri\/wp-content\/uploads\/2026\/05\/00000-elicopter-560x344.jpg\" alt=\"\" width=\"584\" height=\"359\" srcset=\"https:\/\/www.giurgiuveanul.ro\/stiri\/wp-content\/uploads\/2026\/05\/00000-elicopter-560x344.jpg 560w, https:\/\/www.giurgiuveanul.ro\/stiri\/wp-content\/uploads\/2026\/05\/00000-elicopter-250x153.jpg 250w, https:\/\/www.giurgiuveanul.ro\/stiri\/wp-content\/uploads\/2026\/05\/00000-elicopter-768x471.jpg 768w, https:\/\/www.giurgiuveanul.ro\/stiri\/wp-content\/uploads\/2026\/05\/00000-elicopter-400x246.jpg 400w, https:\/\/www.giurgiuveanul.ro\/stiri\/wp-content\/uploads\/2026\/05\/00000-elicopter.jpg 800w\" sizes=\"auto, (max-width: 584px) 100vw, 584px\" \/><\/a>Un incident grav s-a produs<!--more--> \u00een localitatea <span class=\"hover:entity-accent entity-underline inline cursor-pointer align-baseline\"><span class=\"whitespace-normal\">Mih\u0103ile\u0219ti Giurgiu<\/span><\/span>, unde un b\u0103rbat \u00een v\u00e2rst\u0103 de 54 de ani a fost r\u0103nit \u00een timp ce efectua lucr\u0103ri de repara\u021bie la un autocamion, chiar \u00een curtea locuin\u021bei sale, potrivit informa\u021biilor transmise de <span class=\"hover:entity-accent entity-underline inline cursor-pointer align-baseline\"><span class=\"whitespace-normal\">ISU Giurgiu<\/span><\/span>.<\/strong><\/p>\n<p style=\"text-align: justify;\" data-start=\"418\" data-end=\"584\">Din primele date, \u00een timpul interven\u021biei tehnice, capul tractor al vehiculului, sus\u021binut pe cricuri, s-a pr\u0103bu\u0219it peste b\u0103rbat, surprinz\u00e2ndu-l sub greutatea acestuia.<\/p>\n<p style=\"text-align: justify;\" data-start=\"586\" data-end=\"852\">La fa\u021ba locului au intervenit de urgen\u021b\u0103 pompierii din cadrul Sec\u021biei Mih\u0103ile\u0219ti, cu o autospecial\u0103 de stingere, dou\u0103 ambulan\u021be ale Serviciului de Ambulan\u021b\u0103 Jude\u021bean \u0219i echipaje de poli\u021bie. Av\u00e2nd \u00een vedere gravitatea situa\u021biei, a fost solicitat \u0219i elicopterul SMURD.<\/p>\n<p style=\"text-align: justify;\" data-start=\"854\" data-end=\"1151\">Salvatorii au reu\u0219it s\u0103 \u00eel extrag\u0103 pe b\u0103rbat de sub capul tractor \u0219i l-au predat echipajelor medicale, care i-au acordat primele \u00eengrijiri la fa\u021ba locului. Ulterior, victima a fost preluat\u0103 de elicopterul SMURD \u0219i transportat\u0103 de urgen\u021b\u0103 la un spital din capital\u0103 pentru tratament de specialitate.<\/p>\n<p style=\"text-align: justify;\" data-start=\"1153\" data-end=\"1288\" data-is-last-node=\"\" data-is-only-node=\"\">Cazul a intrat \u00een aten\u021bia autorit\u0103\u021bilor competente, urm\u00e2nd s\u0103 fie stabilite cu exactitate circumstan\u021bele \u00een care s-a produs accidentul.<\/p>\n","protected":false},"excerpt":{"rendered":"<p>Un incident grav s-a produs<\/p>\n","protected":false},"author":1,"featured_media":0,"comment_status":"open","ping_status":"open","sticky":false,"template":"","format":"standard","meta":{"footnotes":""},"categories":[6],"tags":[],"class_list":["post-121932","post","type-post","status-publish","format-standard","hentry","category-breaking-news"],"_links":{"self":[{"href":"https:\/\/www.giurgiuveanul.ro\/stiri\/wp-json\/wp\/v2\/posts\/121932","targetHints":{"allow":["GET"]}}],"collection":[{"href":"https:\/\/www.giurgiuveanul.ro\/stiri\/wp-json\/wp\/v2\/posts"}],"about":[{"href":"https:\/\/www.giurgiuveanul.ro\/stiri\/wp-json\/wp\/v2\/types\/post"}],"author":[{"embeddable":true,"href":"https:\/\/www.giurgiuveanul.ro\/stiri\/wp-json\/wp\/v2\/users\/1"}],"replies":[{"embeddable":true,"href":"https:\/\/www.giurgiuveanul.ro\/stiri\/wp-json\/wp\/v2\/comments?post=121932"}],"version-history":[{"count":1,"href":"https:\/\/www.giurgiuveanul.ro\/stiri\/wp-json\/wp\/v2\/posts\/121932\/revisions"}],"predecessor-version":[{"id":121934,"href":"https:\/\/www.giurgiuveanul.ro\/stiri\/wp-json\/wp\/v2\/posts\/121932\/revisions\/121934"}],"wp:attachment":[{"href":"https:\/\/www.giurgiuveanul.ro\/stiri\/wp-json\/wp\/v2\/media?parent=121932"}],"wp:term":[{"taxonomy":"category","embeddable":true,"href":"https:\/\/www.giurgiuveanul.ro\/stiri\/wp-json\/wp\/v2\/categories?post=121932"},{"taxonomy":"post_tag","embeddable":true,"href":"https:\/\/www.giurgiuveanul.ro\/stiri\/wp-json\/wp\/v2\/tags?post=121932"}],"curies":[{"name":"wp","href":"https:\/\/api.w.org\/{rel}","templated":true}]}}