{"id":121935,"date":"2026-05-02T08:37:26","date_gmt":"2026-05-02T05:37:26","guid":{"rendered":"https:\/\/www.giurgiuveanul.ro\/stiri\/?p=121935"},"modified":"2026-05-02T08:37:26","modified_gmt":"2026-05-02T05:37:26","slug":"andrei-condus-astazi-pe-ultimul-drum-durere-fara-margini-dupa-tragedia-de-pe-dj-601","status":"publish","type":"post","link":"https:\/\/www.giurgiuveanul.ro\/stiri\/andrei-condus-astazi-pe-ultimul-drum-durere-fara-margini-dupa-tragedia-de-pe-dj-601\/","title":{"rendered":"Andrei, condus ast\u0103zi pe ultimul drum: durere f\u0103r\u0103 margini dup\u0103 tragedia de pe DJ 601"},"content":{"rendered":"<p style=\"text-align: justify;\" data-start=\"91\" data-end=\"398\"><a href=\"https:\/\/www.giurgiuveanul.ro\/stiri\/wp-content\/uploads\/2026\/05\/00000-andrei-.jpg\"><img loading=\"lazy\" decoding=\"async\" class=\"aligncenter  wp-image-121936\" src=\"https:\/\/www.giurgiuveanul.ro\/stiri\/wp-content\/uploads\/2026\/05\/00000-andrei--368x450.jpg\" alt=\"\" width=\"568\" height=\"694\" srcset=\"https:\/\/www.giurgiuveanul.ro\/stiri\/wp-content\/uploads\/2026\/05\/00000-andrei--368x450.jpg 368w, https:\/\/www.giurgiuveanul.ro\/stiri\/wp-content\/uploads\/2026\/05\/00000-andrei--246x300.jpg 246w, https:\/\/www.giurgiuveanul.ro\/stiri\/wp-content\/uploads\/2026\/05\/00000-andrei--768x938.jpg 768w, https:\/\/www.giurgiuveanul.ro\/stiri\/wp-content\/uploads\/2026\/05\/00000-andrei--400x489.jpg 400w, https:\/\/www.giurgiuveanul.ro\/stiri\/wp-content\/uploads\/2026\/05\/00000-andrei-.jpg 1039w\" sizes=\"auto, (max-width: 568px) 100vw, 568px\" \/><\/a>Durerea este cople\u0219itoare \u00eentr-o comunitate marcat\u0103 de<!--more--> o tragedie care a fr\u00e2nt dou\u0103 vie\u021bi mult prea devreme. Dup\u0103 cum a fost deja relatat, accidentul rutier produs pe DJ 601, \u00eentre localit\u0103\u021bile Videle \u0219i M\u00e2r\u0219a, a curmat destinul Alinei, o adolescent\u0103 de doar 16 ani, \u0219i al lui Andrei, un t\u00e2n\u0103r de 21 de ani.<\/p>\n<p style=\"text-align: justify;\" data-start=\"400\" data-end=\"798\">Cei doi erau pasageri \u00eentr-un autoturism care s-a izbit frontal de un microbuz ce circula din sens opus. Impactul a fost devastator, iar echipajele de interven\u021bie ajunse la fa\u021ba locului nu au mai putut face nimic pentru a le salva vie\u021bile. Totul s-a petrecut \u00een seara zilei de luni, 27 aprilie 2026, \u00een jurul orei 22:40 \u2013 un moment care a l\u0103sat \u00een urm\u0103 lacrimi, \u0219oc \u0219i o durere greu de descris.<\/p>\n<p style=\"text-align: justify;\" data-start=\"800\" data-end=\"1047\">Ast\u0103zi, s\u00e2mb\u0103t\u0103, 2 mai, Andrei va fi condus pe ultimul drum. Slujba de \u00eenmorm\u00e2ntare va avea loc la ora 13:00, \u00een localitatea <span class=\"hover:entity-accent entity-underline inline cursor-pointer align-baseline\"><span class=\"whitespace-normal\">Cartojani, comuna Roata de Jos, <\/span><\/span>acolo unde familia, prietenii \u0219i to\u021bi cei care l-au cunoscut \u00ee\u0219i vor lua r\u0103mas-bun.<\/p>\n<p style=\"text-align: justify;\" data-start=\"1049\" data-end=\"1284\">\u00cen semn de respect \u0219i solidaritate, prietenii t\u00e2n\u0103rului au transmis un mesaj emo\u021bionant pe re\u021belele sociale, \u00eendemn\u00e2ndu-i pe cei care vor participa s\u0103 poarte tricouri albe: <em>\u201eV\u0103 rug\u0103m s\u0103 purta\u021bi tricouri albe. Dumnezeu s\u0103-l odihneasc\u0103\u201d.<\/em><\/p>\n<p style=\"text-align: justify;\" data-start=\"1286\" data-end=\"1495\">Plecarea lui Andrei las\u0103 \u00een urm\u0103 un gol imens \u0219i multe \u00eentreb\u0103ri f\u0103r\u0103 r\u0103spuns. O comunitate \u00eentreag\u0103 \u00ee\u0219i pleac\u0103 ast\u0103zi capul \u00een fa\u021ba durerii \u0219i \u00ee\u0219i ia r\u0103mas-bun de la un t\u00e2n\u0103r care avea \u00eentreaga via\u021b\u0103 \u00eenainte.<\/p>\n<p style=\"text-align: justify;\" data-start=\"1497\" data-end=\"1534\" data-is-last-node=\"\" data-is-only-node=\"\"><em>Dumnezeu s\u0103 \u00eel odihneasc\u0103 \u00een pace! \ud83d\ude4f<\/em><\/p>\n","protected":false},"excerpt":{"rendered":"<p>Durerea este cople\u0219itoare \u00eentr-o comunitate marcat\u0103 de<\/p>\n","protected":false},"author":1,"featured_media":0,"comment_status":"open","ping_status":"open","sticky":false,"template":"","format":"standard","meta":{"footnotes":""},"categories":[6],"tags":[],"class_list":["post-121935","post","type-post","status-publish","format-standard","hentry","category-breaking-news"],"_links":{"self":[{"href":"https:\/\/www.giurgiuveanul.ro\/stiri\/wp-json\/wp\/v2\/posts\/121935","targetHints":{"allow":["GET"]}}],"collection":[{"href":"https:\/\/www.giurgiuveanul.ro\/stiri\/wp-json\/wp\/v2\/posts"}],"about":[{"href":"https:\/\/www.giurgiuveanul.ro\/stiri\/wp-json\/wp\/v2\/types\/post"}],"author":[{"embeddable":true,"href":"https:\/\/www.giurgiuveanul.ro\/stiri\/wp-json\/wp\/v2\/users\/1"}],"replies":[{"embeddable":true,"href":"https:\/\/www.giurgiuveanul.ro\/stiri\/wp-json\/wp\/v2\/comments?post=121935"}],"version-history":[{"count":1,"href":"https:\/\/www.giurgiuveanul.ro\/stiri\/wp-json\/wp\/v2\/posts\/121935\/revisions"}],"predecessor-version":[{"id":121937,"href":"https:\/\/www.giurgiuveanul.ro\/stiri\/wp-json\/wp\/v2\/posts\/121935\/revisions\/121937"}],"wp:attachment":[{"href":"https:\/\/www.giurgiuveanul.ro\/stiri\/wp-json\/wp\/v2\/media?parent=121935"}],"wp:term":[{"taxonomy":"category","embeddable":true,"href":"https:\/\/www.giurgiuveanul.ro\/stiri\/wp-json\/wp\/v2\/categories?post=121935"},{"taxonomy":"post_tag","embeddable":true,"href":"https:\/\/www.giurgiuveanul.ro\/stiri\/wp-json\/wp\/v2\/tags?post=121935"}],"curies":[{"name":"wp","href":"https:\/\/api.w.org\/{rel}","templated":true}]}}