{"id":12516,"date":"2014-04-14T10:01:46","date_gmt":"2014-04-14T07:01:46","guid":{"rendered":"https:\/\/www.giurgiuveanul.ro\/stiri\/?p=12516"},"modified":"2014-04-14T10:03:20","modified_gmt":"2014-04-14T07:03:20","slug":"dariela-nicolae-implinit-20-de-ani","status":"publish","type":"post","link":"https:\/\/www.giurgiuveanul.ro\/stiri\/dariela-nicolae-implinit-20-de-ani\/","title":{"rendered":"Dariela Nicolae a \u00eemplinit 20 de ani!"},"content":{"rendered":"<p style=\"text-align: justify;\"><b><a href=\"https:\/\/www.giurgiuveanul.ro\/stiri\/wp-content\/uploads\/2014\/04\/IMG_1951.jpg\"><img loading=\"lazy\" decoding=\"async\" class=\"aligncenter size-large wp-image-12517\" alt=\"IMG_1951\" src=\"https:\/\/www.giurgiuveanul.ro\/stiri\/wp-content\/uploads\/2014\/04\/IMG_1951-316x450.jpg\" width=\"316\" height=\"450\" srcset=\"https:\/\/www.giurgiuveanul.ro\/stiri\/wp-content\/uploads\/2014\/04\/IMG_1951-316x450.jpg 316w, https:\/\/www.giurgiuveanul.ro\/stiri\/wp-content\/uploads\/2014\/04\/IMG_1951-211x300.jpg 211w, https:\/\/www.giurgiuveanul.ro\/stiri\/wp-content\/uploads\/2014\/04\/IMG_1951-400x568.jpg 400w, https:\/\/www.giurgiuveanul.ro\/stiri\/wp-content\/uploads\/2014\/04\/IMG_1951.jpg 563w\" sizes=\"auto, (max-width: 316px) 100vw, 316px\" \/><\/a>Dariela este fiica \u015fi m\u00e2ndria deputatului de Giurgiu \u015fi a patroanei grupului de firme Nova Force, fata a \u00eemplinit ast\u0103zi, 14 aprilie, 20 ani \u015fi a dat o mare petrecere. Dariela \u015fi-a serbat \u00een avans ziua de na\u015ftere, iar evenimentul a str\u00e2ns peste 300 de invita\u021bi, majoritatea prieteni \u015fi colegi ai s\u0103rb\u0103toritei. GIURGIUVEANUL v\u0103 prezint\u0103 <!--more-->imagini inedite de la cheful cu 300 de persoane, unde meniul a fost unul special, bogat \u00een preparate gustoase, iar dansul \u015fi distrac\u0163ia au fost la cote maxime.<\/b><\/p>\n<p style=\"text-align: justify;\"><a href=\"https:\/\/www.giurgiuveanul.ro\/stiri\/wp-content\/uploads\/2014\/04\/IMG_2118.jpg\"><img loading=\"lazy\" decoding=\"async\" class=\"aligncenter size-large wp-image-12518\" alt=\"IMG_2118\" src=\"https:\/\/www.giurgiuveanul.ro\/stiri\/wp-content\/uploads\/2014\/04\/IMG_2118-517x450.jpg\" width=\"517\" height=\"450\" srcset=\"https:\/\/www.giurgiuveanul.ro\/stiri\/wp-content\/uploads\/2014\/04\/IMG_2118-517x450.jpg 517w, https:\/\/www.giurgiuveanul.ro\/stiri\/wp-content\/uploads\/2014\/04\/IMG_2118-250x217.jpg 250w, https:\/\/www.giurgiuveanul.ro\/stiri\/wp-content\/uploads\/2014\/04\/IMG_2118-400x348.jpg 400w, https:\/\/www.giurgiuveanul.ro\/stiri\/wp-content\/uploads\/2014\/04\/IMG_2118.jpg 800w\" sizes=\"auto, (max-width: 517px) 100vw, 517px\" \/><\/a><\/p>\n<p style=\"text-align: justify;\"><a href=\"https:\/\/www.giurgiuveanul.ro\/stiri\/wp-content\/uploads\/2014\/04\/IMG_2113.jpg\"><img loading=\"lazy\" decoding=\"async\" class=\"aligncenter size-large wp-image-12519\" alt=\"IMG_2113\" src=\"https:\/\/www.giurgiuveanul.ro\/stiri\/wp-content\/uploads\/2014\/04\/IMG_2113-360x450.jpg\" width=\"360\" height=\"450\" srcset=\"https:\/\/www.giurgiuveanul.ro\/stiri\/wp-content\/uploads\/2014\/04\/IMG_2113-360x450.jpg 360w, https:\/\/www.giurgiuveanul.ro\/stiri\/wp-content\/uploads\/2014\/04\/IMG_2113-240x300.jpg 240w, https:\/\/www.giurgiuveanul.ro\/stiri\/wp-content\/uploads\/2014\/04\/IMG_2113-400x500.jpg 400w, https:\/\/www.giurgiuveanul.ro\/stiri\/wp-content\/uploads\/2014\/04\/IMG_2113.jpg 640w\" sizes=\"auto, (max-width: 360px) 100vw, 360px\" \/><\/a><\/p>\n<p style=\"text-align: justify;\">Dariela, unicul copil al so\u0163ilor Vera \u015fi Florian Nicolae , \u00eempline\u015fte ast\u0103zi, 14 aprilie, 20 de ani, prilej de s\u0103rb\u0103toare \u00een familia deputatului de Giurgiu. Fiica parlamentarului giurgiuvean a petrecut al\u0103turi de familie, (fo\u015fti \u015fi actuali) colegi \u0219i apropia\u021bi, s\u00e2mb\u0103t\u0103 noaptea, la Restaurantul Dana V. Invita\u0163ii au dansat non stop, atmosfera fiind \u00eentre\u0163inut\u0103 de DJ CIP, care a mixat hit dup\u0103 hit. Dariela a fost la \u00een\u0103l\u021bime cu melodiile interpretate dar \u0219i la capitolul vestimentar \u0219i a reu\u0219it s\u0103 atrag\u0103 aten\u021bia \u015fi admira\u0163ia tuturor invita\u021bilor. Au curs r\u00e2uri de \u015fampanie, a \u201eplouat&#8221; cu cadouri, iar distrac\u0163ie \u015fi voia bun\u0103 au fost cuvinetele de ordine.<\/p>\n<p style=\"text-align: justify;\"><a href=\"https:\/\/www.giurgiuveanul.ro\/stiri\/wp-content\/uploads\/2014\/04\/IMG_2194.jpg\"><img loading=\"lazy\" decoding=\"async\" class=\"aligncenter size-large wp-image-12520\" alt=\"IMG_2194\" src=\"https:\/\/www.giurgiuveanul.ro\/stiri\/wp-content\/uploads\/2014\/04\/IMG_2194-560x361.jpg\" width=\"560\" height=\"361\" srcset=\"https:\/\/www.giurgiuveanul.ro\/stiri\/wp-content\/uploads\/2014\/04\/IMG_2194-560x361.jpg 560w, https:\/\/www.giurgiuveanul.ro\/stiri\/wp-content\/uploads\/2014\/04\/IMG_2194-250x161.jpg 250w, https:\/\/www.giurgiuveanul.ro\/stiri\/wp-content\/uploads\/2014\/04\/IMG_2194-400x258.jpg 400w, https:\/\/www.giurgiuveanul.ro\/stiri\/wp-content\/uploads\/2014\/04\/IMG_2194.jpg 800w\" sizes=\"auto, (max-width: 560px) 100vw, 560px\" \/><\/a><\/p>\n<p style=\"text-align: justify;\"><i>\u201eSunt foarte fericit\u0103\u2026 Am schimbat prefixul, a fost fost cea mai frumoas\u0103 zi din via\u0163a mea. Toat\u0103 lumea a dansat p\u00e2n\u0103 \u00een zori, p\u0103rin\u0163ii mei \u015fi invita\u0163ii m-au l\u0103sat f\u0103r\u0103 grai\u2026 Le mul\u0163umesc tuturor pentru cadouri \u015fi pentru aceast\u0103 zi minunat\u0103\u201d<\/i>, ne-a m\u0103rturisit Dariela.<\/p>\n<p style=\"text-align: justify;\"><a href=\"https:\/\/www.giurgiuveanul.ro\/stiri\/wp-content\/uploads\/2014\/04\/IMG_2214.jpg\"><img loading=\"lazy\" decoding=\"async\" class=\"aligncenter size-large wp-image-12521\" alt=\"IMG_2214\" src=\"https:\/\/www.giurgiuveanul.ro\/stiri\/wp-content\/uploads\/2014\/04\/IMG_2214-560x441.jpg\" width=\"560\" height=\"441\" srcset=\"https:\/\/www.giurgiuveanul.ro\/stiri\/wp-content\/uploads\/2014\/04\/IMG_2214-560x441.jpg 560w, https:\/\/www.giurgiuveanul.ro\/stiri\/wp-content\/uploads\/2014\/04\/IMG_2214-250x197.jpg 250w, https:\/\/www.giurgiuveanul.ro\/stiri\/wp-content\/uploads\/2014\/04\/IMG_2214-400x315.jpg 400w, https:\/\/www.giurgiuveanul.ro\/stiri\/wp-content\/uploads\/2014\/04\/IMG_2214.jpg 800w\" sizes=\"auto, (max-width: 560px) 100vw, 560px\" \/><\/a><\/p>\n<p style=\"text-align: justify;\"><i>\u201cPentru mine luna aprilie are o semnificatie extrem de personal\u0103, pentru c\u0103 este prim\u0103var\u0103 dar \u015fi aniversarea fiicei mele, Dariela. Iar anul acesta ziua a fost cu at\u00e2t mai special\u0103 cu c\u00e2t Dariela a \u00eemplinit frumoasa v\u00e2rst\u0103 de 20 de ani\u201d,<\/i> ne-a declarat deputatul Florian Nicolae.<\/p>\n<p style=\"text-align: justify;\">\u00cei ur\u0103m \u0219i noi \u201eLa mul\u021bi ani!\u201d \u0219i la c\u00e2t mai multe vise \u00eemplinite!<\/p>\n","protected":false},"excerpt":{"rendered":"<p>Dariela este fiica \u015fi m\u00e2ndria deputatului de Giurgiu \u015fi a patroanei grupului de firme Nova Force, fata a \u00eemplinit ast\u0103zi, 14 aprilie, 20 ani \u015fi a dat o mare petrecere. Dariela \u015fi-a serbat \u00een avans ziua de na\u015ftere, iar evenimentul a str\u00e2ns peste 300 de invita\u021bi, majoritatea prieteni \u015fi colegi ai s\u0103rb\u0103toritei. GIURGIUVEANUL v\u0103 prezint\u0103<\/p>\n","protected":false},"author":2,"featured_media":0,"comment_status":"open","ping_status":"open","sticky":false,"template":"","format":"standard","meta":{"footnotes":""},"categories":[16],"tags":[],"class_list":["post-12516","post","type-post","status-publish","format-standard","hentry","category-astazi-e-ziua-ta"],"_links":{"self":[{"href":"https:\/\/www.giurgiuveanul.ro\/stiri\/wp-json\/wp\/v2\/posts\/12516","targetHints":{"allow":["GET"]}}],"collection":[{"href":"https:\/\/www.giurgiuveanul.ro\/stiri\/wp-json\/wp\/v2\/posts"}],"about":[{"href":"https:\/\/www.giurgiuveanul.ro\/stiri\/wp-json\/wp\/v2\/types\/post"}],"author":[{"embeddable":true,"href":"https:\/\/www.giurgiuveanul.ro\/stiri\/wp-json\/wp\/v2\/users\/2"}],"replies":[{"embeddable":true,"href":"https:\/\/www.giurgiuveanul.ro\/stiri\/wp-json\/wp\/v2\/comments?post=12516"}],"version-history":[{"count":0,"href":"https:\/\/www.giurgiuveanul.ro\/stiri\/wp-json\/wp\/v2\/posts\/12516\/revisions"}],"wp:attachment":[{"href":"https:\/\/www.giurgiuveanul.ro\/stiri\/wp-json\/wp\/v2\/media?parent=12516"}],"wp:term":[{"taxonomy":"category","embeddable":true,"href":"https:\/\/www.giurgiuveanul.ro\/stiri\/wp-json\/wp\/v2\/categories?post=12516"},{"taxonomy":"post_tag","embeddable":true,"href":"https:\/\/www.giurgiuveanul.ro\/stiri\/wp-json\/wp\/v2\/tags?post=12516"}],"curies":[{"name":"wp","href":"https:\/\/api.w.org\/{rel}","templated":true}]}}