{"id":12637,"date":"2014-04-19T11:30:32","date_gmt":"2014-04-19T08:30:32","guid":{"rendered":"https:\/\/www.giurgiuveanul.ro\/stiri\/?p=12637"},"modified":"2014-04-19T11:30:32","modified_gmt":"2014-04-19T08:30:32","slug":"la-multi-ani-doamna-aurelia-dobre","status":"publish","type":"post","link":"https:\/\/www.giurgiuveanul.ro\/stiri\/la-multi-ani-doamna-aurelia-dobre\/","title":{"rendered":"La Mul\u0163i Ani, doamna Aurelia Dobre!"},"content":{"rendered":"<p><strong><a href=\"https:\/\/www.giurgiuveanul.ro\/stiri\/wp-content\/uploads\/2014\/04\/Aurelia-Dobre-by-Vasile-Arcanu.jpg\"><img loading=\"lazy\" decoding=\"async\" class=\"aligncenter size-large wp-image-12638\" alt=\"Aurelia Dobre by Vasile Arcanu\" src=\"https:\/\/www.giurgiuveanul.ro\/stiri\/wp-content\/uploads\/2014\/04\/Aurelia-Dobre-by-Vasile-Arcanu-560x380.jpg\" width=\"560\" height=\"380\" srcset=\"https:\/\/www.giurgiuveanul.ro\/stiri\/wp-content\/uploads\/2014\/04\/Aurelia-Dobre-by-Vasile-Arcanu-560x380.jpg 560w, https:\/\/www.giurgiuveanul.ro\/stiri\/wp-content\/uploads\/2014\/04\/Aurelia-Dobre-by-Vasile-Arcanu-250x169.jpg 250w, https:\/\/www.giurgiuveanul.ro\/stiri\/wp-content\/uploads\/2014\/04\/Aurelia-Dobre-by-Vasile-Arcanu-400x271.jpg 400w, https:\/\/www.giurgiuveanul.ro\/stiri\/wp-content\/uploads\/2014\/04\/Aurelia-Dobre-by-Vasile-Arcanu.jpg 800w\" sizes=\"auto, (max-width: 560px) 100vw, 560px\" \/><\/a>Ast\u0103zi, 19 aprilie, o s\u0103rb\u0103torim pe doamna Aurelia Dobre, vicepre\u015fedinte al Organiza\u0163iei Na\u0163ionale a Femeilor Social Democrate din Rom\u00e2nia! \u00cei ur\u0103m &#8222;La Mul\u0163i Ani!&#8221;, aspira\u0163ii \u00eenalte \u015fi realiz\u0103rile cele mai \u00eendr\u0103zne\u0163e, s\u0103n\u0103tate \u015fi for\u0163\u0103 de munc\u0103!<\/strong><\/p>\n<p>Doamna Aurelia Dobre, consilier jude\u0163ean, <!--more-->este un adev\u0103rat un exemplu de luat \u00een considerare pentru cei din jurul domniei sale, fiind devotat\u0103 partidului \u00een care a intrat \u00een politic\u0103 \u015fi \u00een care a r\u0103mas mereu, f\u0103r\u0103 a-\u015fi tr\u0103da idealurile \u015fi principiile, dar \u015fi o familist\u0103 convins\u0103 pentru c\u0103 are o familie frumoas\u0103.<\/p>\n<p>Mult\u0103 s\u0103n\u0103tate \u015fi ani mul\u0163i ferici\u0163i, al\u0103turi de cei pe care \u00eei iubi\u0163i \u015fi care v\u0103 iubesc, ast\u0103zi la ad\u0103ugarea \u00eenc\u0103 unui trandafir \u00een buchetul vie\u0163ii! S\u0103 ave\u0163i parte de cele mai frumoase bucurii, iar ziua de m\u00e2ine, Sf\u00e2nta S\u0103rb\u0103toare a \u00cenvierii Domnului, s\u0103 v\u0103 aduc\u0103 \u015fi cele mai frumoase daruri!<\/p>\n<p><em>La Mul\u0163i Ani, doamna Aurelia Dobre!<\/em><\/p>\n","protected":false},"excerpt":{"rendered":"<p>Ast\u0103zi, 19 aprilie, o s\u0103rb\u0103torim pe doamna Aurelia Dobre, vicepre\u015fedinte al Organiza\u0163iei Na\u0163ionale a Femeilor Social Democrate din Rom\u00e2nia! \u00cei ur\u0103m &#8222;La Mul\u0163i Ani!&#8221;, aspira\u0163ii \u00eenalte \u015fi realiz\u0103rile cele mai \u00eendr\u0103zne\u0163e, s\u0103n\u0103tate \u015fi for\u0163\u0103 de munc\u0103! Doamna Aurelia Dobre, consilier jude\u0163ean,<\/p>\n","protected":false},"author":2,"featured_media":0,"comment_status":"open","ping_status":"open","sticky":false,"template":"","format":"standard","meta":{"footnotes":""},"categories":[16],"tags":[],"class_list":["post-12637","post","type-post","status-publish","format-standard","hentry","category-astazi-e-ziua-ta"],"_links":{"self":[{"href":"https:\/\/www.giurgiuveanul.ro\/stiri\/wp-json\/wp\/v2\/posts\/12637","targetHints":{"allow":["GET"]}}],"collection":[{"href":"https:\/\/www.giurgiuveanul.ro\/stiri\/wp-json\/wp\/v2\/posts"}],"about":[{"href":"https:\/\/www.giurgiuveanul.ro\/stiri\/wp-json\/wp\/v2\/types\/post"}],"author":[{"embeddable":true,"href":"https:\/\/www.giurgiuveanul.ro\/stiri\/wp-json\/wp\/v2\/users\/2"}],"replies":[{"embeddable":true,"href":"https:\/\/www.giurgiuveanul.ro\/stiri\/wp-json\/wp\/v2\/comments?post=12637"}],"version-history":[{"count":0,"href":"https:\/\/www.giurgiuveanul.ro\/stiri\/wp-json\/wp\/v2\/posts\/12637\/revisions"}],"wp:attachment":[{"href":"https:\/\/www.giurgiuveanul.ro\/stiri\/wp-json\/wp\/v2\/media?parent=12637"}],"wp:term":[{"taxonomy":"category","embeddable":true,"href":"https:\/\/www.giurgiuveanul.ro\/stiri\/wp-json\/wp\/v2\/categories?post=12637"},{"taxonomy":"post_tag","embeddable":true,"href":"https:\/\/www.giurgiuveanul.ro\/stiri\/wp-json\/wp\/v2\/tags?post=12637"}],"curies":[{"name":"wp","href":"https:\/\/api.w.org\/{rel}","templated":true}]}}