{"id":12684,"date":"2014-04-20T18:44:11","date_gmt":"2014-04-20T15:44:11","guid":{"rendered":"https:\/\/www.giurgiuveanul.ro\/stiri\/?p=12684"},"modified":"2014-04-20T18:44:11","modified_gmt":"2014-04-20T15:44:11","slug":"de-invierea-domnului-la-catedrala-episcopala-din-giurgiu-s-a-citit-evanghelia-in-12-limbi","status":"publish","type":"post","link":"https:\/\/www.giurgiuveanul.ro\/stiri\/de-invierea-domnului-la-catedrala-episcopala-din-giurgiu-s-a-citit-evanghelia-in-12-limbi\/","title":{"rendered":"De \u00cenvierea Domnului, la Catedrala Episcopal\u0103 din Giurgiu s-a citit Evanghelia \u00een 12 limbi!"},"content":{"rendered":"<p style=\"text-align: justify;\"><a href=\"https:\/\/www.giurgiuveanul.ro\/stiri\/wp-content\/uploads\/2014\/04\/phpThumb_generated_thumbnailjpg.jpg\"><img loading=\"lazy\" decoding=\"async\" class=\"aligncenter size-large wp-image-12685\" alt=\"phpThumb_generated_thumbnailjpg\" src=\"https:\/\/www.giurgiuveanul.ro\/stiri\/wp-content\/uploads\/2014\/04\/phpThumb_generated_thumbnailjpg-560x438.jpg\" width=\"560\" height=\"438\" srcset=\"https:\/\/www.giurgiuveanul.ro\/stiri\/wp-content\/uploads\/2014\/04\/phpThumb_generated_thumbnailjpg-560x438.jpg 560w, https:\/\/www.giurgiuveanul.ro\/stiri\/wp-content\/uploads\/2014\/04\/phpThumb_generated_thumbnailjpg-250x195.jpg 250w, https:\/\/www.giurgiuveanul.ro\/stiri\/wp-content\/uploads\/2014\/04\/phpThumb_generated_thumbnailjpg-400x313.jpg 400w, https:\/\/www.giurgiuveanul.ro\/stiri\/wp-content\/uploads\/2014\/04\/phpThumb_generated_thumbnailjpg.jpg 700w\" sizes=\"auto, (max-width: 560px) 100vw, 560px\" \/><\/a>Ast\u0103zi, 20 aprilie, \u00een prima zi de Pa\u015fti, \u00een Catedrala Episcopal\u0103\u00a0din Giurgiu,\u00a0Vecernia \u00cenvierii\u00a0a fost s\u0103v\u00e2r\u015fit\u0103\u00a0de c\u0103tre Preasfin\u0163itul P\u0103rinte Ambrozie, Episcopul Giurgiului, \u00eenconjurat de un ales sobor de preo\u0163i \u015fi diaconi, \u00een prezen\u0163a a numero\u015fi credincio\u015fi. Cunoscut\u0103 \u00een popor sub denumirea de \u201eA doua \u00cenviere&#8221; sau <!--more-->\u201e\u00cenvierea mic\u0103&#8221;, Vecernia din Duminica Pa\u015ftilor ne aminte\u015fte de prima ar\u0103tare a M\u00e2ntuitorului de dup\u0103 \u00cenvierea Sa din mor\u0163i, \u00een chiar ziua \u00cenvierii, \u00eenaintea ucenicilor, spre sear\u0103. Potrivit r\u00e2nduielii pericopa evanghelica de la Ioan 20, 19-25 a fost rostit\u0103 \u00een 12 limbi, dup\u0103 num\u0103rul celor 12 apostoli care au propov\u0103duit \u00een lume vestea \u00cenvierii lui Hristos Domnul.<\/p>\n<p style=\"text-align: justify;\">La final,\u00a0ierarhul nostru a rostit\u00a0un cuv\u00e2nt de \u00eenv\u0103\u0163\u0103tur\u0103 \u00een care a vorbit despre valoarea \u00cenvierii Domnului nostru Iisus Hristos, care\u00a0\u015ei-a asumat moartea de bun\u0103voie pentru ca s\u0103 ne deschid\u0103\u00a0\u015fi nou\u0103 intrarea \u00een via\u0163a ve\u015fnic\u0103, \u00een \u00cemp\u0103r\u0103\u0163ia Sa. Astfel, sensul mor\u0163ii s-a luminat odat\u0103 cu Jertfa M\u00e2ntuitorului\u00a0\u015fi triste\u021bea ei s-a transformat \u00een bucuria \u00cenvierii, a biruin\u0163ei Lui asupra p\u0103catului\u00a0\u015fi a diavolului.<\/p>\n","protected":false},"excerpt":{"rendered":"<p>Ast\u0103zi, 20 aprilie, \u00een prima zi de Pa\u015fti, \u00een Catedrala Episcopal\u0103\u00a0din Giurgiu,\u00a0Vecernia \u00cenvierii\u00a0a fost s\u0103v\u00e2r\u015fit\u0103\u00a0de c\u0103tre Preasfin\u0163itul P\u0103rinte Ambrozie, Episcopul Giurgiului, \u00eenconjurat de un ales sobor de preo\u0163i \u015fi diaconi, \u00een prezen\u0163a a numero\u015fi credincio\u015fi. Cunoscut\u0103 \u00een popor sub denumirea de \u201eA doua \u00cenviere&#8221; sau<\/p>\n","protected":false},"author":2,"featured_media":0,"comment_status":"open","ping_status":"open","sticky":false,"template":"","format":"standard","meta":{"footnotes":""},"categories":[14],"tags":[],"class_list":["post-12684","post","type-post","status-publish","format-standard","hentry","category-la-inchiderea-editiei"],"_links":{"self":[{"href":"https:\/\/www.giurgiuveanul.ro\/stiri\/wp-json\/wp\/v2\/posts\/12684","targetHints":{"allow":["GET"]}}],"collection":[{"href":"https:\/\/www.giurgiuveanul.ro\/stiri\/wp-json\/wp\/v2\/posts"}],"about":[{"href":"https:\/\/www.giurgiuveanul.ro\/stiri\/wp-json\/wp\/v2\/types\/post"}],"author":[{"embeddable":true,"href":"https:\/\/www.giurgiuveanul.ro\/stiri\/wp-json\/wp\/v2\/users\/2"}],"replies":[{"embeddable":true,"href":"https:\/\/www.giurgiuveanul.ro\/stiri\/wp-json\/wp\/v2\/comments?post=12684"}],"version-history":[{"count":0,"href":"https:\/\/www.giurgiuveanul.ro\/stiri\/wp-json\/wp\/v2\/posts\/12684\/revisions"}],"wp:attachment":[{"href":"https:\/\/www.giurgiuveanul.ro\/stiri\/wp-json\/wp\/v2\/media?parent=12684"}],"wp:term":[{"taxonomy":"category","embeddable":true,"href":"https:\/\/www.giurgiuveanul.ro\/stiri\/wp-json\/wp\/v2\/categories?post=12684"},{"taxonomy":"post_tag","embeddable":true,"href":"https:\/\/www.giurgiuveanul.ro\/stiri\/wp-json\/wp\/v2\/tags?post=12684"}],"curies":[{"name":"wp","href":"https:\/\/api.w.org\/{rel}","templated":true}]}}