{"id":12725,"date":"2014-04-23T09:39:12","date_gmt":"2014-04-23T06:39:12","guid":{"rendered":"https:\/\/www.giurgiuveanul.ro\/stiri\/?p=12725"},"modified":"2014-04-23T10:08:19","modified_gmt":"2014-04-23T07:08:19","slug":"la-multi-ani-george-georgiana-gheorghe-sau-gherghina-la-multi-ani-giurgiu","status":"publish","type":"post","link":"https:\/\/www.giurgiuveanul.ro\/stiri\/la-multi-ani-george-georgiana-gheorghe-sau-gherghina-la-multi-ani-giurgiu\/","title":{"rendered":"\u201eLa Mul\u021bi Ani\u201d, George, Georgiana, Gheorghe sau Gherghina! La Mul\u0163i Ani, Giurgiu!"},"content":{"rendered":"<p style=\"text-align: justify;\"><a href=\"https:\/\/www.giurgiuveanul.ro\/stiri\/wp-content\/uploads\/2014\/04\/Sf_Gheorghe-2.jpg\"><img loading=\"lazy\" decoding=\"async\" class=\"aligncenter size-large wp-image-12726\" alt=\"Sf_Gheorghe (2)\" src=\"https:\/\/www.giurgiuveanul.ro\/stiri\/wp-content\/uploads\/2014\/04\/Sf_Gheorghe-2-402x450.jpg\" width=\"402\" height=\"450\" srcset=\"https:\/\/www.giurgiuveanul.ro\/stiri\/wp-content\/uploads\/2014\/04\/Sf_Gheorghe-2-402x450.jpg 402w, https:\/\/www.giurgiuveanul.ro\/stiri\/wp-content\/uploads\/2014\/04\/Sf_Gheorghe-2-250x279.jpg 250w, https:\/\/www.giurgiuveanul.ro\/stiri\/wp-content\/uploads\/2014\/04\/Sf_Gheorghe-2-400x447.jpg 400w, https:\/\/www.giurgiuveanul.ro\/stiri\/wp-content\/uploads\/2014\/04\/Sf_Gheorghe-2.jpg 800w\" sizes=\"auto, (max-width: 402px) 100vw, 402px\" \/><\/a>\u00cen fiecare an pe data de 23 aprilie, cre\u0219tinii ortodoc\u0219i \u00eel s\u0103rb\u0103toresc pe Sf\u00e2ntul Gheorghe. 910.000 de rom\u00e2ni \u00ee\u0219i serbeaz\u0103 ziua numelui \u00een acest\u0103 dat\u0103. Cu aceast\u0103 ocazie, Giurgiuveanul transmite cele mai frumoase g\u00e2nduri celor care poat\u0103 acest nume dar \u015fi tuturor giurgiuvenilor care \u00ee\u015fi serbeaz\u0103 ast\u0103zi patronul spiritual dar \u015fi ocrotitorul ora\u015fului nostru. Z\u00e2mbi\u0163i \u0219i <!--more-->s-ave\u021bi parte de toat\u0103 distrac\u021bia \u0219i emo\u021bia specific\u0103 acestei zile, iar \u00eentreaga zi s\u0103 v\u0103 fie binecuv\u00e2ntat\u0103 cu fericire, bucurie, raze de lumin\u0103 \u0219i s\u0103n\u0103tate. La mul\u021bi ani\u201d<\/p>\n<p style=\"text-align: justify;\">Cu acest prilej, le dorim tot binele din lume, noroc, fericire \u0219i s\u0103n\u0103tate \u0219i s\u0103 li se \u00eendeplineasc\u0103 toate dorin\u021bele colegilor no\u015ftri Georgiana Saltelechi, Georgeta Popescu, George Mihail, George Voican, George R\u0103doi, George Coporan, Gheorghe T\u0103nase, George Ficleanu.<\/p>\n<p style=\"text-align: justify;\">La Mul\u0163i Ani, George Neagoe, George P\u0103l\u0103l\u0103u, Gigi Opri\u015fan, Gheorghe Spoial\u0103, prof. Gheorghe Calot\u0103, prof. Gheorghe Velicu, Gheorghe Sandu, Gheorghe Breazu!<\/p>\n","protected":false},"excerpt":{"rendered":"<p>\u00cen fiecare an pe data de 23 aprilie, cre\u0219tinii ortodoc\u0219i \u00eel s\u0103rb\u0103toresc pe Sf\u00e2ntul Gheorghe. 910.000 de rom\u00e2ni \u00ee\u0219i serbeaz\u0103 ziua numelui \u00een acest\u0103 dat\u0103. Cu aceast\u0103 ocazie, Giurgiuveanul transmite cele mai frumoase g\u00e2nduri celor care poat\u0103 acest nume dar \u015fi tuturor giurgiuvenilor care \u00ee\u015fi serbeaz\u0103 ast\u0103zi patronul spiritual dar \u015fi ocrotitorul ora\u015fului nostru. Z\u00e2mbi\u0163i [&hellip;]<\/p>\n","protected":false},"author":2,"featured_media":0,"comment_status":"open","ping_status":"open","sticky":false,"template":"","format":"standard","meta":{"footnotes":""},"categories":[16],"tags":[],"class_list":["post-12725","post","type-post","status-publish","format-standard","hentry","category-astazi-e-ziua-ta"],"_links":{"self":[{"href":"https:\/\/www.giurgiuveanul.ro\/stiri\/wp-json\/wp\/v2\/posts\/12725","targetHints":{"allow":["GET"]}}],"collection":[{"href":"https:\/\/www.giurgiuveanul.ro\/stiri\/wp-json\/wp\/v2\/posts"}],"about":[{"href":"https:\/\/www.giurgiuveanul.ro\/stiri\/wp-json\/wp\/v2\/types\/post"}],"author":[{"embeddable":true,"href":"https:\/\/www.giurgiuveanul.ro\/stiri\/wp-json\/wp\/v2\/users\/2"}],"replies":[{"embeddable":true,"href":"https:\/\/www.giurgiuveanul.ro\/stiri\/wp-json\/wp\/v2\/comments?post=12725"}],"version-history":[{"count":0,"href":"https:\/\/www.giurgiuveanul.ro\/stiri\/wp-json\/wp\/v2\/posts\/12725\/revisions"}],"wp:attachment":[{"href":"https:\/\/www.giurgiuveanul.ro\/stiri\/wp-json\/wp\/v2\/media?parent=12725"}],"wp:term":[{"taxonomy":"category","embeddable":true,"href":"https:\/\/www.giurgiuveanul.ro\/stiri\/wp-json\/wp\/v2\/categories?post=12725"},{"taxonomy":"post_tag","embeddable":true,"href":"https:\/\/www.giurgiuveanul.ro\/stiri\/wp-json\/wp\/v2\/tags?post=12725"}],"curies":[{"name":"wp","href":"https:\/\/api.w.org\/{rel}","templated":true}]}}