{"id":12803,"date":"2014-04-26T12:44:21","date_gmt":"2014-04-26T09:44:21","guid":{"rendered":"https:\/\/www.giurgiuveanul.ro\/stiri\/?p=12803"},"modified":"2014-04-26T19:11:27","modified_gmt":"2014-04-26T16:11:27","slug":"el-este-individul-care-ucis-o-pe-fetita-de-trei-ani-foto-exclusiv","status":"publish","type":"post","link":"https:\/\/www.giurgiuveanul.ro\/stiri\/el-este-individul-care-ucis-o-pe-fetita-de-trei-ani-foto-exclusiv\/","title":{"rendered":"El este cel care a ucis-o pe feti\u0163a de trei ani! FOTO EXCLUSIV!"},"content":{"rendered":"<p style=\"text-align: justify;\"><a href=\"https:\/\/www.giurgiuveanul.ro\/stiri\/wp-content\/uploads\/2014\/04\/IMG_6641-2.jpg\"><img loading=\"lazy\" decoding=\"async\" class=\"aligncenter size-large wp-image-12804\" alt=\"IMG_6641-2\" src=\"https:\/\/www.giurgiuveanul.ro\/stiri\/wp-content\/uploads\/2014\/04\/IMG_6641-2-560x251.jpg\" width=\"560\" height=\"251\" srcset=\"https:\/\/www.giurgiuveanul.ro\/stiri\/wp-content\/uploads\/2014\/04\/IMG_6641-2-560x251.jpg 560w, https:\/\/www.giurgiuveanul.ro\/stiri\/wp-content\/uploads\/2014\/04\/IMG_6641-2-250x112.jpg 250w, https:\/\/www.giurgiuveanul.ro\/stiri\/wp-content\/uploads\/2014\/04\/IMG_6641-2-400x180.jpg 400w, https:\/\/www.giurgiuveanul.ro\/stiri\/wp-content\/uploads\/2014\/04\/IMG_6641-2.jpg 800w\" sizes=\"auto, (max-width: 560px) 100vw, 560px\" \/><\/a>Poli\u0163i\u015ftii \u00eel cerceteaz\u0103 pe suspectul \u00een cazul uciderii feti\u0163ei de trei\u00a0 ani, din Giurgiu. Este vorba de un b\u0103rbat care inten\u0163iona s\u0103 aib\u0103 o rela\u0163ie cu<!--more--> bunica acesteia. B\u0103rbatul ar fi ucis-o pe micu\u0163\u0103 din gelozie. Din informa\u0163iile noastre, se pare c\u0103 fata ar fi fost \u015fi violat\u0103, apoi lovit\u0103 \u00een zona capului cu un obiect contondent. Se pare c\u0103 individul ar fi venit \u00een ziua dispari\u0163iei chiar \u00een casa familiei feti\u0163ei.<\/p>\n<p style=\"text-align: justify;\">\u00cen prezent, b\u0103rbatul, \u00een v\u00e2rst\u0103 de 49 de ani, se afl\u0103 la Parchetul de pe l\u00e2ng\u0103 Tribunalul Giurgiu, unde va fi audiat \u015fi se va stabili o m\u0103sur\u0103 \u00een cazul s\u0103u.<\/p>\n<p style=\"text-align: justify;\">Autorul abominabilei crime este giurgiuvean \u015fi nu are un domiciliu stabil.<\/p>\n<p style=\"text-align: justify;\"><a href=\"https:\/\/www.giurgiuveanul.ro\/stiri\/wp-content\/uploads\/2014\/04\/IMG_6657.jpg\"><img loading=\"lazy\" decoding=\"async\" class=\"aligncenter size-large wp-image-12805\" alt=\"IMG_6657\" src=\"https:\/\/www.giurgiuveanul.ro\/stiri\/wp-content\/uploads\/2014\/04\/IMG_6657-560x385.jpg\" width=\"560\" height=\"385\" srcset=\"https:\/\/www.giurgiuveanul.ro\/stiri\/wp-content\/uploads\/2014\/04\/IMG_6657-560x385.jpg 560w, https:\/\/www.giurgiuveanul.ro\/stiri\/wp-content\/uploads\/2014\/04\/IMG_6657-250x172.jpg 250w, https:\/\/www.giurgiuveanul.ro\/stiri\/wp-content\/uploads\/2014\/04\/IMG_6657-400x275.jpg 400w, https:\/\/www.giurgiuveanul.ro\/stiri\/wp-content\/uploads\/2014\/04\/IMG_6657.jpg 800w\" sizes=\"auto, (max-width: 560px) 100vw, 560px\" \/><\/a><\/p>\n","protected":false},"excerpt":{"rendered":"<p>Poli\u0163i\u015ftii \u00eel cerceteaz\u0103 pe suspectul \u00een cazul uciderii feti\u0163ei de trei\u00a0 ani, din Giurgiu. Este vorba de un b\u0103rbat care inten\u0163iona s\u0103 aib\u0103 o rela\u0163ie cu<\/p>\n","protected":false},"author":2,"featured_media":0,"comment_status":"open","ping_status":"open","sticky":false,"template":"","format":"standard","meta":{"footnotes":""},"categories":[1,3],"tags":[],"class_list":["post-12803","post","type-post","status-publish","format-standard","hentry","category-actualitate","category-exclusiv"],"_links":{"self":[{"href":"https:\/\/www.giurgiuveanul.ro\/stiri\/wp-json\/wp\/v2\/posts\/12803","targetHints":{"allow":["GET"]}}],"collection":[{"href":"https:\/\/www.giurgiuveanul.ro\/stiri\/wp-json\/wp\/v2\/posts"}],"about":[{"href":"https:\/\/www.giurgiuveanul.ro\/stiri\/wp-json\/wp\/v2\/types\/post"}],"author":[{"embeddable":true,"href":"https:\/\/www.giurgiuveanul.ro\/stiri\/wp-json\/wp\/v2\/users\/2"}],"replies":[{"embeddable":true,"href":"https:\/\/www.giurgiuveanul.ro\/stiri\/wp-json\/wp\/v2\/comments?post=12803"}],"version-history":[{"count":0,"href":"https:\/\/www.giurgiuveanul.ro\/stiri\/wp-json\/wp\/v2\/posts\/12803\/revisions"}],"wp:attachment":[{"href":"https:\/\/www.giurgiuveanul.ro\/stiri\/wp-json\/wp\/v2\/media?parent=12803"}],"wp:term":[{"taxonomy":"category","embeddable":true,"href":"https:\/\/www.giurgiuveanul.ro\/stiri\/wp-json\/wp\/v2\/categories?post=12803"},{"taxonomy":"post_tag","embeddable":true,"href":"https:\/\/www.giurgiuveanul.ro\/stiri\/wp-json\/wp\/v2\/tags?post=12803"}],"curies":[{"name":"wp","href":"https:\/\/api.w.org\/{rel}","templated":true}]}}