{"id":12904,"date":"2014-05-01T09:36:53","date_gmt":"2014-05-01T06:36:53","guid":{"rendered":"https:\/\/www.giurgiuveanul.ro\/stiri\/?p=12904"},"modified":"2014-05-01T09:36:53","modified_gmt":"2014-05-01T06:36:53","slug":"la-multi-ani-vasile-arcanu-2","status":"publish","type":"post","link":"https:\/\/www.giurgiuveanul.ro\/stiri\/la-multi-ani-vasile-arcanu-2\/","title":{"rendered":"La Mul\u0163i Ani, Vasile Arcanu!"},"content":{"rendered":"<p style=\"text-align: justify;\"><a href=\"https:\/\/www.giurgiuveanul.ro\/stiri\/wp-content\/uploads\/2014\/05\/Arcanu-Vasile.jpg\"><img loading=\"lazy\" decoding=\"async\" class=\"aligncenter size-large wp-image-12905\" alt=\"Arcanu Vasile\" src=\"https:\/\/www.giurgiuveanul.ro\/stiri\/wp-content\/uploads\/2014\/05\/Arcanu-Vasile-560x331.jpg\" width=\"560\" height=\"331\" srcset=\"https:\/\/www.giurgiuveanul.ro\/stiri\/wp-content\/uploads\/2014\/05\/Arcanu-Vasile-560x331.jpg 560w, https:\/\/www.giurgiuveanul.ro\/stiri\/wp-content\/uploads\/2014\/05\/Arcanu-Vasile-250x147.jpg 250w, https:\/\/www.giurgiuveanul.ro\/stiri\/wp-content\/uploads\/2014\/05\/Arcanu-Vasile-400x236.jpg 400w, https:\/\/www.giurgiuveanul.ro\/stiri\/wp-content\/uploads\/2014\/05\/Arcanu-Vasile.jpg 800w\" sizes=\"auto, (max-width: 560px) 100vw, 560px\" \/><\/a>Talentul s\u0103u imens \u015fi abilitatea \u00een a surprinde instantanee gr\u0103itoare cu oameni \u015fi locuri ne surprinde pe zi ce trece. Imortalizeaz\u0103 cele mai importante momente din via\u0163a giurgiuvenilor iar fotografiile sale sunt o adev\u0103rat\u0103 desf\u0103tare a privirii. Fascinat de fotografie, este, deopotriv\u0103, un vechi \u015fi talentat jurnalist de pres\u0103 scris\u0103, care <!--more-->\u00ee\u015fi dedic\u0103 existen\u0163a pasiunilor sale.<\/p>\n<p style=\"text-align: justify;\">De ziua lui, ast\u0103zi, c\u00e2nd \u00eempline\u015fte 51 de ani, \u00eei dorim lui Vasile Arcanu s\u0103 surprind\u0103 \u00een continuare emo\u021biile \u0219i sentimentele noastre \u00eentr-o fotografie \u015fi s\u0103 r\u0103m\u00e2n\u0103 acela\u015fi jurnalist realist \u015fi incisiv. Suntem siguri c\u0103 pe viitor va continua s\u0103 ne surprind\u0103 pl\u0103cut prin ceea ce face \u0219i c\u0103 nu se va abate din atingerea obiectivelor sale.<\/p>\n<p><strong>La mul\u0163i ani! \u00a0<\/strong><\/p>\n<p><em>Redac\u0163ia Giurgiuveanul<\/em><\/p>\n","protected":false},"excerpt":{"rendered":"<p>Talentul s\u0103u imens \u015fi abilitatea \u00een a surprinde instantanee gr\u0103itoare cu oameni \u015fi locuri ne surprinde pe zi ce trece. Imortalizeaz\u0103 cele mai importante momente din via\u0163a giurgiuvenilor iar fotografiile sale sunt o adev\u0103rat\u0103 desf\u0103tare a privirii. Fascinat de fotografie, este, deopotriv\u0103, un vechi \u015fi talentat jurnalist de pres\u0103 scris\u0103, care<\/p>\n","protected":false},"author":2,"featured_media":0,"comment_status":"open","ping_status":"open","sticky":false,"template":"","format":"standard","meta":{"footnotes":""},"categories":[16],"tags":[],"class_list":["post-12904","post","type-post","status-publish","format-standard","hentry","category-astazi-e-ziua-ta"],"_links":{"self":[{"href":"https:\/\/www.giurgiuveanul.ro\/stiri\/wp-json\/wp\/v2\/posts\/12904","targetHints":{"allow":["GET"]}}],"collection":[{"href":"https:\/\/www.giurgiuveanul.ro\/stiri\/wp-json\/wp\/v2\/posts"}],"about":[{"href":"https:\/\/www.giurgiuveanul.ro\/stiri\/wp-json\/wp\/v2\/types\/post"}],"author":[{"embeddable":true,"href":"https:\/\/www.giurgiuveanul.ro\/stiri\/wp-json\/wp\/v2\/users\/2"}],"replies":[{"embeddable":true,"href":"https:\/\/www.giurgiuveanul.ro\/stiri\/wp-json\/wp\/v2\/comments?post=12904"}],"version-history":[{"count":0,"href":"https:\/\/www.giurgiuveanul.ro\/stiri\/wp-json\/wp\/v2\/posts\/12904\/revisions"}],"wp:attachment":[{"href":"https:\/\/www.giurgiuveanul.ro\/stiri\/wp-json\/wp\/v2\/media?parent=12904"}],"wp:term":[{"taxonomy":"category","embeddable":true,"href":"https:\/\/www.giurgiuveanul.ro\/stiri\/wp-json\/wp\/v2\/categories?post=12904"},{"taxonomy":"post_tag","embeddable":true,"href":"https:\/\/www.giurgiuveanul.ro\/stiri\/wp-json\/wp\/v2\/tags?post=12904"}],"curies":[{"name":"wp","href":"https:\/\/api.w.org\/{rel}","templated":true}]}}