{"id":13233,"date":"2014-05-15T14:21:44","date_gmt":"2014-05-15T11:21:44","guid":{"rendered":"https:\/\/www.giurgiuveanul.ro\/stiri\/?p=13233"},"modified":"2014-05-15T14:21:44","modified_gmt":"2014-05-15T11:21:44","slug":"la-multi-ani-ana-maria-radulescu","status":"publish","type":"post","link":"https:\/\/www.giurgiuveanul.ro\/stiri\/la-multi-ani-ana-maria-radulescu\/","title":{"rendered":"La Mul\u0163i Ani, Ana Maria R\u0103dulescu!"},"content":{"rendered":"<p><a href=\"https:\/\/www.giurgiuveanul.ro\/stiri\/wp-content\/uploads\/2014\/05\/Radulescu-Ana-Maria.jpg\"><img loading=\"lazy\" decoding=\"async\" class=\"aligncenter size-large wp-image-13234\" alt=\"Radulescu Ana Maria\" src=\"https:\/\/www.giurgiuveanul.ro\/stiri\/wp-content\/uploads\/2014\/05\/Radulescu-Ana-Maria-438x450.jpg\" width=\"438\" height=\"450\" srcset=\"https:\/\/www.giurgiuveanul.ro\/stiri\/wp-content\/uploads\/2014\/05\/Radulescu-Ana-Maria-438x450.jpg 438w, https:\/\/www.giurgiuveanul.ro\/stiri\/wp-content\/uploads\/2014\/05\/Radulescu-Ana-Maria-250x256.jpg 250w, https:\/\/www.giurgiuveanul.ro\/stiri\/wp-content\/uploads\/2014\/05\/Radulescu-Ana-Maria-400x410.jpg 400w, https:\/\/www.giurgiuveanul.ro\/stiri\/wp-content\/uploads\/2014\/05\/Radulescu-Ana-Maria.jpg 800w\" sizes=\"auto, (max-width: 438px) 100vw, 438px\" \/><\/a>De ziua ta z\u00e2mbe\u015fte \u015fi bucur\u0103-te al\u0103turi de noi, cei ce-\u0163i dorim din ad\u00e2ncul sufletului s\u0103 ai parte numai de \u00eempliniri \u015fi satisfac\u0163ii. \u00a0\u00ce\u0163i doresc s\u0103n\u0103tate, bucurii, \u00eemplinire \u015fi <!--more-->multe vise realizate. Steaua ta ocrotitoare s\u0103 lumineze mereu asupra ta \u015fi a celor dragi sufletului t\u0103u.<\/p>\n<p>Dragostea \u015fi grija ce o d\u0103ruie\u015fti \u00een jurul t\u0103u s\u0103 \u00ee\u0163i fie r\u0103spl\u0103tit\u0103 din plin cu mult\u0103 c\u0103ldur\u0103 \u015fi \u00eemplinire sufleteasc\u0103.<\/p>\n<p>La mul\u0163i ani ferici\u0163i, sora mea drag\u0103!<\/p>\n<p><em>Raluca<\/em><\/p>\n","protected":false},"excerpt":{"rendered":"<p>De ziua ta z\u00e2mbe\u015fte \u015fi bucur\u0103-te al\u0103turi de noi, cei ce-\u0163i dorim din ad\u00e2ncul sufletului s\u0103 ai parte numai de \u00eempliniri \u015fi satisfac\u0163ii. \u00a0\u00ce\u0163i doresc s\u0103n\u0103tate, bucurii, \u00eemplinire \u015fi<\/p>\n","protected":false},"author":2,"featured_media":0,"comment_status":"open","ping_status":"open","sticky":false,"template":"","format":"standard","meta":{"footnotes":""},"categories":[16],"tags":[],"class_list":["post-13233","post","type-post","status-publish","format-standard","hentry","category-astazi-e-ziua-ta"],"_links":{"self":[{"href":"https:\/\/www.giurgiuveanul.ro\/stiri\/wp-json\/wp\/v2\/posts\/13233","targetHints":{"allow":["GET"]}}],"collection":[{"href":"https:\/\/www.giurgiuveanul.ro\/stiri\/wp-json\/wp\/v2\/posts"}],"about":[{"href":"https:\/\/www.giurgiuveanul.ro\/stiri\/wp-json\/wp\/v2\/types\/post"}],"author":[{"embeddable":true,"href":"https:\/\/www.giurgiuveanul.ro\/stiri\/wp-json\/wp\/v2\/users\/2"}],"replies":[{"embeddable":true,"href":"https:\/\/www.giurgiuveanul.ro\/stiri\/wp-json\/wp\/v2\/comments?post=13233"}],"version-history":[{"count":0,"href":"https:\/\/www.giurgiuveanul.ro\/stiri\/wp-json\/wp\/v2\/posts\/13233\/revisions"}],"wp:attachment":[{"href":"https:\/\/www.giurgiuveanul.ro\/stiri\/wp-json\/wp\/v2\/media?parent=13233"}],"wp:term":[{"taxonomy":"category","embeddable":true,"href":"https:\/\/www.giurgiuveanul.ro\/stiri\/wp-json\/wp\/v2\/categories?post=13233"},{"taxonomy":"post_tag","embeddable":true,"href":"https:\/\/www.giurgiuveanul.ro\/stiri\/wp-json\/wp\/v2\/tags?post=13233"}],"curies":[{"name":"wp","href":"https:\/\/api.w.org\/{rel}","templated":true}]}}