{"id":13751,"date":"2014-06-09T12:21:32","date_gmt":"2014-06-09T09:21:32","guid":{"rendered":"https:\/\/www.giurgiuveanul.ro\/stiri\/?p=13751"},"modified":"2014-06-09T14:21:05","modified_gmt":"2014-06-09T11:21:05","slug":"la-multi-ani-colegului-nostru-george-mihail-secara-2","status":"publish","type":"post","link":"https:\/\/www.giurgiuveanul.ro\/stiri\/la-multi-ani-colegului-nostru-george-mihail-secara-2\/","title":{"rendered":"La Mul\u0163i Ani, colegului nostru George Mihail Secar\u0103!"},"content":{"rendered":"<p><a href=\"https:\/\/www.giurgiuveanul.ro\/stiri\/wp-content\/uploads\/2014\/06\/george-mihail-secara.jpg\"><img loading=\"lazy\" decoding=\"async\" class=\"aligncenter size-large wp-image-13752\" alt=\"george mihail secara\" src=\"https:\/\/www.giurgiuveanul.ro\/stiri\/wp-content\/uploads\/2014\/06\/george-mihail-secara-324x450.jpg\" width=\"324\" height=\"450\" srcset=\"https:\/\/www.giurgiuveanul.ro\/stiri\/wp-content\/uploads\/2014\/06\/george-mihail-secara-324x450.jpg 324w, https:\/\/www.giurgiuveanul.ro\/stiri\/wp-content\/uploads\/2014\/06\/george-mihail-secara-216x300.jpg 216w, https:\/\/www.giurgiuveanul.ro\/stiri\/wp-content\/uploads\/2014\/06\/george-mihail-secara-400x554.jpg 400w, https:\/\/www.giurgiuveanul.ro\/stiri\/wp-content\/uploads\/2014\/06\/george-mihail-secara.jpg 800w\" sizes=\"auto, (max-width: 324px) 100vw, 324px\" \/><\/a>Dac\u0103 este 9 iunie atunci e ziua de na\u015ftere a colegului nostru, George Mihail Secar\u0103, webdesigner-ul site-ului GIURGIUVEANUL! Haide\u0163i s\u0103-i ur\u0103m cu to\u0163i un c\u0103lduros \u201eLa Mul\u0163i Ani, George!\u201d<\/p>\n<p>\u00cei dorim <!--more-->s\u0103n\u0103tate, o via\u0163\u0103 plin\u0103 de \u00eempliniri \u015fi numai bucurii!<\/p>\n<p>La Mul\u0163i Ani, George, \u015fi fie ca\u00a0aceast\u0103 zi s\u0103-\u0163i dechida poarta unui viitor plin de succese, Dumnezeu s\u0103-\u0163i dea un curcubeu la fiecare furtun\u0103, acela\u015fi nelipsit z\u00e2mbet la fiecare lacrim\u0103, fericire \u015fi mult\u0103 iubire!<\/p>\n<p>&nbsp;<\/p>\n<p><i>Redac\u0163ia \u201eGIURGIUVEANUL\u201d<\/i><\/p>\n","protected":false},"excerpt":{"rendered":"<p>Dac\u0103 este 9 iunie atunci e ziua de na\u015ftere a colegului nostru, George Mihail Secar\u0103, webdesigner-ul site-ului GIURGIUVEANUL! Haide\u0163i s\u0103-i ur\u0103m cu to\u0163i un c\u0103lduros \u201eLa Mul\u0163i Ani, George!\u201d \u00cei dorim<\/p>\n","protected":false},"author":2,"featured_media":0,"comment_status":"open","ping_status":"open","sticky":false,"template":"","format":"standard","meta":{"footnotes":""},"categories":[16],"tags":[],"class_list":["post-13751","post","type-post","status-publish","format-standard","hentry","category-astazi-e-ziua-ta"],"_links":{"self":[{"href":"https:\/\/www.giurgiuveanul.ro\/stiri\/wp-json\/wp\/v2\/posts\/13751","targetHints":{"allow":["GET"]}}],"collection":[{"href":"https:\/\/www.giurgiuveanul.ro\/stiri\/wp-json\/wp\/v2\/posts"}],"about":[{"href":"https:\/\/www.giurgiuveanul.ro\/stiri\/wp-json\/wp\/v2\/types\/post"}],"author":[{"embeddable":true,"href":"https:\/\/www.giurgiuveanul.ro\/stiri\/wp-json\/wp\/v2\/users\/2"}],"replies":[{"embeddable":true,"href":"https:\/\/www.giurgiuveanul.ro\/stiri\/wp-json\/wp\/v2\/comments?post=13751"}],"version-history":[{"count":0,"href":"https:\/\/www.giurgiuveanul.ro\/stiri\/wp-json\/wp\/v2\/posts\/13751\/revisions"}],"wp:attachment":[{"href":"https:\/\/www.giurgiuveanul.ro\/stiri\/wp-json\/wp\/v2\/media?parent=13751"}],"wp:term":[{"taxonomy":"category","embeddable":true,"href":"https:\/\/www.giurgiuveanul.ro\/stiri\/wp-json\/wp\/v2\/categories?post=13751"},{"taxonomy":"post_tag","embeddable":true,"href":"https:\/\/www.giurgiuveanul.ro\/stiri\/wp-json\/wp\/v2\/tags?post=13751"}],"curies":[{"name":"wp","href":"https:\/\/api.w.org\/{rel}","templated":true}]}}