{"id":1461,"date":"2012-12-27T09:56:09","date_gmt":"2012-12-27T07:56:09","guid":{"rendered":"https:\/\/www.giurgiuveanul.ro\/stiri\/?p=1461"},"modified":"2012-12-27T09:56:09","modified_gmt":"2012-12-27T07:56:09","slug":"la-multi-ani-tuturor-celor-care-poarta-numele-sfantului-stefan","status":"publish","type":"post","link":"https:\/\/www.giurgiuveanul.ro\/stiri\/la-multi-ani-tuturor-celor-care-poarta-numele-sfantului-stefan\/","title":{"rendered":"La Mul\u0163i Ani tuturor celor care poart\u0103 numele Sf\u00e2ntului \u015etefan!"},"content":{"rendered":"<p style=\"text-align: justify;\"><strong><a href=\"https:\/\/www.giurgiuveanul.ro\/stiri\/wp-content\/uploads\/2012\/12\/saint_stephen.jpg\"><img loading=\"lazy\" decoding=\"async\" class=\"aligncenter size-large wp-image-1462\" title=\"saint_stephen\" src=\"https:\/\/www.giurgiuveanul.ro\/stiri\/wp-content\/uploads\/2012\/12\/saint_stephen-560x358.jpg\" alt=\"\" width=\"560\" height=\"358\" srcset=\"https:\/\/www.giurgiuveanul.ro\/stiri\/wp-content\/uploads\/2012\/12\/saint_stephen-560x358.jpg 560w, https:\/\/www.giurgiuveanul.ro\/stiri\/wp-content\/uploads\/2012\/12\/saint_stephen-250x160.jpg 250w, https:\/\/www.giurgiuveanul.ro\/stiri\/wp-content\/uploads\/2012\/12\/saint_stephen.jpg 800w\" sizes=\"auto, (max-width: 560px) 100vw, 560px\" \/><\/a><\/strong><\/p>\n<p style=\"text-align: justify;\"><strong>C\u00e2teva sute de mii de rom\u00e2ni \u00ee\u015fi s\u0103rb\u0103toresc, joi, 27 decembrie, onomastica de s\u0103rb\u0103toarea Sf\u00e2ntului Apostol, \u00eent\u00e2iul Mucenic \u015fi Arhidiacon \u015etefan, \u00een cea de a treia zi a Cr\u0103ciunului. Dintre rom\u00e2ni \u015fi respectiv giurgiuvenii aniversa\u0163i la s\u0103rb\u0103toarea Sf\u00e2ntului \u015etefan, cei mai mul\u0163i sunt barba\u0163i.<\/strong><\/p>\n<p style=\"text-align: justify;\">Statisticile existente la nivelul Direc\u0163iei pentru Eviden\u0163a Persoanelor \u015fi Administrarea Bazelor de Date arat\u0103 c\u0103 <!--more-->majoritatea rom\u00e2nilor care \u00eel au ca patron spiritual pe Sf\u00e2ntul \u015etefan poart\u0103 numele de \u015etefan, Istvan \u015fi F\u0103nel. De asemenea, sunt rom\u00e2ni care mai poart\u0103 numele \u015etef\u0103nel iar al\u0163ii r\u0103spund la numele \u015etef\u0103nu\u0163 \u015fi Fane.<\/p>\n<p style=\"text-align: justify;\">Numele Sf\u00e2ntului \u015etefan, cel dint\u00e2i mucenic al cre\u015ftin\u0103t\u0103\u0163ii, este purtat \u015fi de femei, dintre acestea unele purt\u00e2nd numele \u015etefania, \u015etefana, F\u0103nica, F\u0103nu\u0163a \u015fi Fana.<\/p>\n<p style=\"text-align: justify;\">La mul\u0163i ani, tuturor giurgiuvenilor \u00eempodobi\u0163i cu numele Sf\u00e2ntului \u015etefan, c\u0103rora le dorim multe \u00eempliniri. S\u0103 ave\u0163i parte numai de clipe minunate, de bucurii \u015fi fericire al\u0103turi de familie \u015fi cei dragi!<\/p>\n<p style=\"text-align: justify;\">Sper\u0103m ca s\u0103rb\u0103toarea Sf\u00e2ntului \u015etefan s\u0103 fie pentru voi semnalul unui nou \u00eenceput, s\u0103 ave\u0163i parte de un drum pres\u0103rat cu bucurii, s\u0103n\u0103tate, fericire \u015fi succes!<\/p>\n<p style=\"text-align: justify;\"><a href=\"https:\/\/www.giurgiuveanul.ro\/stiri\/wp-content\/uploads\/2012\/12\/St_Stephen_Martyrdom_orthodox_christian_icon.jpg\"><img loading=\"lazy\" decoding=\"async\" class=\"aligncenter size-large wp-image-1463\" title=\"St_Stephen_Martyrdom_orthodox_christian_icon\" src=\"https:\/\/www.giurgiuveanul.ro\/stiri\/wp-content\/uploads\/2012\/12\/St_Stephen_Martyrdom_orthodox_christian_icon-410x450.jpg\" alt=\"\" width=\"410\" height=\"450\" srcset=\"https:\/\/www.giurgiuveanul.ro\/stiri\/wp-content\/uploads\/2012\/12\/St_Stephen_Martyrdom_orthodox_christian_icon-410x450.jpg 410w, https:\/\/www.giurgiuveanul.ro\/stiri\/wp-content\/uploads\/2012\/12\/St_Stephen_Martyrdom_orthodox_christian_icon-250x273.jpg 250w, https:\/\/www.giurgiuveanul.ro\/stiri\/wp-content\/uploads\/2012\/12\/St_Stephen_Martyrdom_orthodox_christian_icon.jpg 800w\" sizes=\"auto, (max-width: 410px) 100vw, 410px\" \/><\/a><\/p>\n","protected":false},"excerpt":{"rendered":"<p>C\u00e2teva sute de mii de rom\u00e2ni \u00ee\u015fi s\u0103rb\u0103toresc, joi, 27 decembrie, onomastica de s\u0103rb\u0103toarea Sf\u00e2ntului Apostol, \u00eent\u00e2iul Mucenic \u015fi Arhidiacon \u015etefan, \u00een cea de a treia zi a Cr\u0103ciunului. Dintre rom\u00e2ni \u015fi respectiv giurgiuvenii aniversa\u0163i la s\u0103rb\u0103toarea Sf\u00e2ntului \u015etefan, cei mai mul\u0163i sunt barba\u0163i. Statisticile existente la nivelul Direc\u0163iei pentru Eviden\u0163a Persoanelor \u015fi Administrarea Bazelor [&hellip;]<\/p>\n","protected":false},"author":2,"featured_media":0,"comment_status":"closed","ping_status":"open","sticky":false,"template":"","format":"standard","meta":{"footnotes":""},"categories":[16],"tags":[],"class_list":["post-1461","post","type-post","status-publish","format-standard","hentry","category-astazi-e-ziua-ta"],"_links":{"self":[{"href":"https:\/\/www.giurgiuveanul.ro\/stiri\/wp-json\/wp\/v2\/posts\/1461","targetHints":{"allow":["GET"]}}],"collection":[{"href":"https:\/\/www.giurgiuveanul.ro\/stiri\/wp-json\/wp\/v2\/posts"}],"about":[{"href":"https:\/\/www.giurgiuveanul.ro\/stiri\/wp-json\/wp\/v2\/types\/post"}],"author":[{"embeddable":true,"href":"https:\/\/www.giurgiuveanul.ro\/stiri\/wp-json\/wp\/v2\/users\/2"}],"replies":[{"embeddable":true,"href":"https:\/\/www.giurgiuveanul.ro\/stiri\/wp-json\/wp\/v2\/comments?post=1461"}],"version-history":[{"count":0,"href":"https:\/\/www.giurgiuveanul.ro\/stiri\/wp-json\/wp\/v2\/posts\/1461\/revisions"}],"wp:attachment":[{"href":"https:\/\/www.giurgiuveanul.ro\/stiri\/wp-json\/wp\/v2\/media?parent=1461"}],"wp:term":[{"taxonomy":"category","embeddable":true,"href":"https:\/\/www.giurgiuveanul.ro\/stiri\/wp-json\/wp\/v2\/categories?post=1461"},{"taxonomy":"post_tag","embeddable":true,"href":"https:\/\/www.giurgiuveanul.ro\/stiri\/wp-json\/wp\/v2\/tags?post=1461"}],"curies":[{"name":"wp","href":"https:\/\/api.w.org\/{rel}","templated":true}]}}