{"id":18772,"date":"2015-01-21T09:16:01","date_gmt":"2015-01-21T07:16:01","guid":{"rendered":"https:\/\/www.giurgiuveanul.ro\/stiri\/?p=18772"},"modified":"2015-01-21T13:55:48","modified_gmt":"2015-01-21T11:55:48","slug":"primarii-giurgiuveni-traseisi-pot-rasufla-usurati-consilierii-judeteni-si-locali-pe-faras","status":"publish","type":"post","link":"https:\/\/www.giurgiuveanul.ro\/stiri\/primarii-giurgiuveni-traseisi-pot-rasufla-usurati-consilierii-judeteni-si-locali-pe-faras\/","title":{"rendered":"Primarii giurgiuveni trasei\u015fti pot r\u0103sufla u\u015fura\u0163i. Consilierii jude\u0163eni \u015fi locali, pe f\u0103ra\u015f?"},"content":{"rendered":"<p style=\"text-align: justify;\"><strong><a href=\"https:\/\/www.giurgiuveanul.ro\/stiri\/wp-content\/uploads\/2015\/01\/sentinta.jpg\"><img loading=\"lazy\" decoding=\"async\" class=\"aligncenter size-full wp-image-18773\" src=\"https:\/\/www.giurgiuveanul.ro\/stiri\/wp-content\/uploads\/2015\/01\/sentinta.jpg\" alt=\"sentinta\" width=\"531\" height=\"354\" srcset=\"https:\/\/www.giurgiuveanul.ro\/stiri\/wp-content\/uploads\/2015\/01\/sentinta.jpg 531w, https:\/\/www.giurgiuveanul.ro\/stiri\/wp-content\/uploads\/2015\/01\/sentinta-250x167.jpg 250w, https:\/\/www.giurgiuveanul.ro\/stiri\/wp-content\/uploads\/2015\/01\/sentinta-400x267.jpg 400w\" sizes=\"auto, (max-width: 531px) 100vw, 531px\" \/><\/a>Judec\u0103torii Cur\u0163ii Constitu\u0163ionale au declarat, mar\u021bi, neconstitu\u0163ional\u0103 ordonan\u0163a care a permis ale\u015filor locali s\u0103 migreze de la un partid la altul f\u0103r\u0103 s\u0103 \u00ee\u015fi piard\u0103 mandatul, fiind admis\u0103 astfel sesizarea parlamentarilor PNL. Magistra\u0163ii sus\u0163in c\u0103 Parlamentul trebuie s\u0103 <!--more-->decid\u0103 care sunt efectele juridice ale deciziei lor \u015fi ce se \u00eent\u00e2mpl\u0103 cu ale\u015fii locali care s-au bucurat de efectele acestei legi, c\u00e2t timp a fost \u00een vigoare.<\/strong><\/p>\n<p style=\"text-align: justify;\">Judec\u0103torii CCR au decis, cu majoritate de voturi c\u0103 ordonan\u0163a este neconstitu\u0163ional\u0103 \u015fi c\u0103 Parlamentul urmeaz\u0103 s\u0103 reglementeze, prin legea de respingere, <em>\u201em\u0103surile necesare cu privire la efectele juridice produse pe perioada de aplicare a Ordonan\u0163ei de urgen\u0163\u0103 a Guvernului nr.55\/2014 pentru a le pune de acord cu decizia Cur\u0163ii Constitu\u0163ionale\u201d,<\/em> se arat\u0103 \u00een comunicatul emis de CCR. Aceast\u0103 indica\u0163ie a CCR cu privire la efectele juridice ale respingerii legii sunt motivate prin art.115 alin. (8) \u015fi art.147 alin. (2) din Constitu\u0163ia Rom\u00e2niei. Cel dint\u00e2i face referire la delegarea legislativ\u0103 \u015fi la ordonan\u0163ele de urgen\u0163\u0103 emise de Guvern. La alineatul 8, se specific\u0103 faptul c\u0103 <em>\u201eprin legea de aprobare sau de respingere se vor reglementa, dac\u0103 este cazul, m\u0103surile necesare cu privire la efectele juridice produse pe perioada de aplicare a ordonan\u0163ei\u201d,<\/em> iar cel de-al doilea la deciziile CCR, unde, la alineatul 2, se specific\u0103 faptul c\u0103 <em>\u201e\u00een cazurile de neconstitu\u0163ionalitate care privesc legile, \u00eenainte de promulgarea acestora, Parlamentul este obligat s\u0103 reexamineze dispozi\u0163iile respective pentru punerea lor de acord cu decizia Cur\u0163ii Constitu\u0163ionale\u201d.<\/em><\/p>\n<p style=\"text-align: justify;\">Conform interpret\u0103rilor, dac\u0103 primarii care au migrat nu \u00ee\u015fi vor pierde mandatele, nu acela\u015fi lucru se va \u00eent\u00e2mpla cu consilierii locali \u015fi jude\u0163eni, deoarece ace\u015ftia au fost ale\u015fi pe listele unui partid.<\/p>\n<p style=\"text-align: justify;\">Problema este pasat\u0103 \u00een \u201ecurtea\u201d Parlamentului, \u00eens\u0103 nu \u015ftim dac\u0103 parlamentarii \u00ee\u015fi vor permite s\u0103 \u00eei sanc\u0163ioneze pe ale\u015fii locali. \u00cens\u0103, dac\u0103 se va ajunge \u00een situa\u0163ia \u00een care consilierii \u00ee\u015fi vor pierde mandatele, sute de ale\u015fi locali, dar \u015fi c\u00e2\u0163iva jude\u0163eni, din jude\u0163ul nostru, ar fi pe f\u0103ra\u015f.<\/p>\n<p><em>\u00a0<\/em><\/p>\n<p><em>Marcela Petcu\u00a0\u00a0 <\/em><\/p>\n","protected":false},"excerpt":{"rendered":"<p>Judec\u0103torii Cur\u0163ii Constitu\u0163ionale au declarat, mar\u021bi, neconstitu\u0163ional\u0103 ordonan\u0163a care a permis ale\u015filor locali s\u0103 migreze de la un partid la altul f\u0103r\u0103 s\u0103 \u00ee\u015fi piard\u0103 mandatul, fiind admis\u0103 astfel sesizarea parlamentarilor PNL. Magistra\u0163ii sus\u0163in c\u0103 Parlamentul trebuie s\u0103<\/p>\n","protected":false},"author":2,"featured_media":0,"comment_status":"open","ping_status":"open","sticky":false,"template":"","format":"standard","meta":{"footnotes":""},"categories":[6],"tags":[],"class_list":["post-18772","post","type-post","status-publish","format-standard","hentry","category-breaking-news"],"_links":{"self":[{"href":"https:\/\/www.giurgiuveanul.ro\/stiri\/wp-json\/wp\/v2\/posts\/18772","targetHints":{"allow":["GET"]}}],"collection":[{"href":"https:\/\/www.giurgiuveanul.ro\/stiri\/wp-json\/wp\/v2\/posts"}],"about":[{"href":"https:\/\/www.giurgiuveanul.ro\/stiri\/wp-json\/wp\/v2\/types\/post"}],"author":[{"embeddable":true,"href":"https:\/\/www.giurgiuveanul.ro\/stiri\/wp-json\/wp\/v2\/users\/2"}],"replies":[{"embeddable":true,"href":"https:\/\/www.giurgiuveanul.ro\/stiri\/wp-json\/wp\/v2\/comments?post=18772"}],"version-history":[{"count":0,"href":"https:\/\/www.giurgiuveanul.ro\/stiri\/wp-json\/wp\/v2\/posts\/18772\/revisions"}],"wp:attachment":[{"href":"https:\/\/www.giurgiuveanul.ro\/stiri\/wp-json\/wp\/v2\/media?parent=18772"}],"wp:term":[{"taxonomy":"category","embeddable":true,"href":"https:\/\/www.giurgiuveanul.ro\/stiri\/wp-json\/wp\/v2\/categories?post=18772"},{"taxonomy":"post_tag","embeddable":true,"href":"https:\/\/www.giurgiuveanul.ro\/stiri\/wp-json\/wp\/v2\/tags?post=18772"}],"curies":[{"name":"wp","href":"https:\/\/api.w.org\/{rel}","templated":true}]}}