{"id":18778,"date":"2015-01-21T10:41:38","date_gmt":"2015-01-21T08:41:38","guid":{"rendered":"https:\/\/www.giurgiuveanul.ro\/stiri\/?p=18778"},"modified":"2015-01-21T10:41:38","modified_gmt":"2015-01-21T08:41:38","slug":"vasile-arcanu-premiul-pentru-foto-reportaj-la-gala-premiilor-ajtr-pentru-anul-2014","status":"publish","type":"post","link":"https:\/\/www.giurgiuveanul.ro\/stiri\/vasile-arcanu-premiul-pentru-foto-reportaj-la-gala-premiilor-ajtr-pentru-anul-2014\/","title":{"rendered":"Vasile Arcanu, premiul pentru foto-reportaj la Gala Premiilor AJTR pentru anul 2014"},"content":{"rendered":"<p style=\"text-align: justify;\"><strong><a href=\"https:\/\/www.giurgiuveanul.ro\/stiri\/wp-content\/uploads\/2015\/01\/10635945_270585019808204_6987789088850719948_n.jpg\"><img loading=\"lazy\" decoding=\"async\" class=\"alignright size-medium wp-image-18779\" src=\"https:\/\/www.giurgiuveanul.ro\/stiri\/wp-content\/uploads\/2015\/01\/10635945_270585019808204_6987789088850719948_n-208x300.jpg\" alt=\"10635945_270585019808204_6987789088850719948_n\" width=\"208\" height=\"300\" srcset=\"https:\/\/www.giurgiuveanul.ro\/stiri\/wp-content\/uploads\/2015\/01\/10635945_270585019808204_6987789088850719948_n-208x300.jpg 208w, https:\/\/www.giurgiuveanul.ro\/stiri\/wp-content\/uploads\/2015\/01\/10635945_270585019808204_6987789088850719948_n-312x450.jpg 312w, https:\/\/www.giurgiuveanul.ro\/stiri\/wp-content\/uploads\/2015\/01\/10635945_270585019808204_6987789088850719948_n-400x578.jpg 400w, https:\/\/www.giurgiuveanul.ro\/stiri\/wp-content\/uploads\/2015\/01\/10635945_270585019808204_6987789088850719948_n.jpg 637w\" sizes=\"auto, (max-width: 208px) 100vw, 208px\" \/><\/a>Asociatia Jurnali\u0219tilor \u0219i Scriitorilor de Turism din Rom\u00e2nia &#8211; cu o existen\u021b\u0103 de aproape \u0219ase decenii &#8211; a organizat, \u00een parteneriat cu prim\u0103ria municipiului Giurgiu, tradi\u021bionala Gal\u0103 a Premiilor sale. Ceremonia a avut loc \u00een ziua de 15 ianuarie 2015, la restaurantul PERLA din municipiul de pe malul b\u0103tr\u00e2nului fluviu.<\/strong><\/p>\n<p style=\"text-align: justify;\">Precedat\u0103 de un aplaudat spectacol dedicat poetului nostru na\u021bional Mihai Eminescu, desf\u0103\u0219urat \u00een seara zilei de 14 ianuarie la Ateneul din localitate, ca \u0219i de o vizit\u0103 la principalele obiective turistice din ora\u0219ul \u00een care t\u00e2n\u0103rul Mihai Eminescu era descoperit \u00een portul din acest ora\u0219 \u00een anul 1867, Gala AJTR a omagiat, prin premiile sale, cele mai ilustrative produc\u021bii gazet\u0103re\u0219ti din domeniul presei de turism, c\u00e2t \u0219i izb\u00e2nzile unor firme ce-\u0219i desf\u0103\u0219oar\u0103 activitatea \u00een cadrul industriei ospitalit\u0103\u021bii. A fost o Gal\u0103 transfrontalier\u0103, cu <!--more-->un pronun\u021bat caracter interna\u021bional, la reu\u0219ita c\u0103reia o contribu\u021bie aparte \u0219i-a adus Biroul de turism din localitate, condus de pre\u0219edintele Clara M\u0103rculescu.<\/p>\n<p style=\"text-align: justify;\">Dar iat\u0103 \u0219i premiile care au fost decernate:<\/p>\n<p style=\"text-align: justify;\"><strong>Premiul Tezaur:<\/strong> Victor CR\u0102CIUN, pentru volumul &#8222;Eminescu reg\u0103sit&#8221;; <strong>Premiul Eveniment:<\/strong> Eva GLIGOR, director general al firmei Atlantic Tour;<\/p>\n<p style=\"text-align: justify;\"><strong>Premiul de Excelen\u021b\u0103<\/strong>: George Sorin NICOLESCU \u0219i Mihaela NICOLESCU, patronii firmei &#8222;Olimpic Interna\u021bional Turism SRL&#8221;: George BREZOI, secretar de stat la IMM &#8211; Ministerul Economiei; Nicolae BARBU, primarul municipiului Giurgiu; Stefko BURDZHIEV, prefectul districtului Ruse; Virgil PE\u021aANCA, director Centrul Cultural &#8222;Ion Vinea&#8221;; prof. univ. dr. Nicolae DINESCU &#8211; R\u00e2mnicu V\u00e2lcea; Gheorghe \u0218TUBEANU, patronul Hotel Sud, Giurgiu; Marin PENCEA, patronul restaurantului Perla, Giurgiu; Lili GANCEVA (Ruse), director Euroregiunea Danubius; Nicolae PETRESCU, c\u0103l\u0103uza c\u0103l\u0103toriilor AJTR; <strong>Premiul pentru Reportaj pe calea undelor:<\/strong> Ana-Maria CAIA, RFI Rom\u00e2nia;<\/p>\n<p style=\"text-align: justify;\"><strong>Premiul Tezaur:<\/strong> Artur SILVESTRI, la \u00eemplinirea a 10 ani de la fondarea ARP \u0219i pentru Studiile despre Eminescu;<\/p>\n<p style=\"text-align: justify;\"><strong>Premiul Turismul ca un maraton:<\/strong> Lucian CLINCIU, pre\u0219edintele Asocia\u021biei CarpathianMan &#8211; Z\u0103rne\u0219ti;<\/p>\n<p style=\"text-align: justify;\"><strong>Premiul Gaudeamus:<\/strong> Asist. univ. drd. Monica Nicoleta NEAC\u0218U;<\/p>\n<p style=\"text-align: justify;\"><strong>Premiul pentru Reportaj:<\/strong> Nicolae LUPU;<\/p>\n<p style=\"text-align: justify;\"><strong>Premiul Juventus:<\/strong> Clubul Boreal &#8211; Bucure\u0219ti, prof. Aniela CASETTI \u0219i prof. Adrian CASETTI;<\/p>\n<p style=\"text-align: justify;\"><strong>Premiul Anda Raicu:<\/strong> Monica ANGHELOVICI;<\/p>\n<p style=\"text-align: justify;\"><strong>Premiul M\u0103ria Sa Muntele:<\/strong> Dan VASILESCU;<\/p>\n<p style=\"text-align: justify;\"><strong>Premiul Ospe\u021bia din veac:<\/strong> Restaurantul Jari\u0219tea-Bucure\u0219ti, Kera CALI\u021aA (Laura NICOLAU);<\/p>\n<p style=\"text-align: justify;\"><strong>Premiul pentru Reportaj TV<\/strong>: Corina HINKOV; emisiunea Cap Compas (TVR) &#8211; Elena DINU, produc\u0103tor, \u0219i Titi DINC\u0102, publicist comentator; <strong>Premiul Ambasador:<\/strong> E.S. Faouz El ACHCHABI, ambasadorul Regatului Maroc la Bucure\u0219ti;<\/p>\n<p style=\"text-align: justify;\"><strong>Premiul In vino veritas:<\/strong> Cristian PITULICE;<\/p>\n<p style=\"text-align: justify;\"><strong>Premiul pentru foto-reportaj:<\/strong> Vasile ARCANU;<\/p>\n<p style=\"text-align: justify;\"><strong>Premiul Cartea care zide\u0219te:<\/strong> Costa RO\u0218U (Voivodina-Serbia).<\/p>\n<p style=\"text-align: justify;\">Gala Premiilor AJTR \u0219i-a \u00eencheiat periplul s\u0103u la m\u00e2n\u0103stirea Comana, ctitorie a vestitului voievod Vlad \u021aepe\u0219, \u0219i la Resort Casa Comana, captivant obiectiv turistic apar\u021bin\u00e2nd lui Gelu Palamaru, premiat, de asemenea, de AJTR.<\/p>\n<p style=\"text-align: justify;\">\n<p style=\"text-align: justify;\">*<em>Articol preluat integral din Jurnalul Na\u0163ional:<\/em> <a href=\"http:\/\/jurnalul.ro\/timp-liber\/calatorii\/de-ziua-culturii-romane-la-giurgiu-a-avut-loc-gala-premiilor-ajtr-pentru-anul-2014-683672.html\">http:\/\/jurnalul.ro\/timp-liber\/calatorii\/de-ziua-culturii-romane-la-giurgiu-a-avut-loc-gala-premiilor-ajtr-pentru-anul-2014-683672.html<\/a><\/p>\n<p style=\"text-align: justify;\"><a href=\"https:\/\/www.giurgiuveanul.ro\/stiri\/wp-content\/uploads\/2015\/01\/Vasile-Arcanu-Diploma-AJTR-2014.jpg\"><img loading=\"lazy\" decoding=\"async\" class=\"aligncenter size-large wp-image-18780\" src=\"https:\/\/www.giurgiuveanul.ro\/stiri\/wp-content\/uploads\/2015\/01\/Vasile-Arcanu-Diploma-AJTR-2014-560x399.jpg\" alt=\"Vasile Arcanu Diploma AJTR 2014\" width=\"560\" height=\"399\" srcset=\"https:\/\/www.giurgiuveanul.ro\/stiri\/wp-content\/uploads\/2015\/01\/Vasile-Arcanu-Diploma-AJTR-2014-560x399.jpg 560w, https:\/\/www.giurgiuveanul.ro\/stiri\/wp-content\/uploads\/2015\/01\/Vasile-Arcanu-Diploma-AJTR-2014-250x178.jpg 250w, https:\/\/www.giurgiuveanul.ro\/stiri\/wp-content\/uploads\/2015\/01\/Vasile-Arcanu-Diploma-AJTR-2014-400x285.jpg 400w, https:\/\/www.giurgiuveanul.ro\/stiri\/wp-content\/uploads\/2015\/01\/Vasile-Arcanu-Diploma-AJTR-2014.jpg 2048w\" sizes=\"auto, (max-width: 560px) 100vw, 560px\" \/><\/a><\/p>\n","protected":false},"excerpt":{"rendered":"<p>Asociatia Jurnali\u0219tilor \u0219i Scriitorilor de Turism din Rom\u00e2nia &#8211; cu o existen\u021b\u0103 de aproape \u0219ase decenii &#8211; a organizat, \u00een parteneriat cu prim\u0103ria municipiului Giurgiu, tradi\u021bionala Gal\u0103 a Premiilor sale. Ceremonia a avut loc \u00een ziua de 15 ianuarie 2015, la restaurantul PERLA din municipiul de pe malul b\u0103tr\u00e2nului fluviu. Precedat\u0103 de un aplaudat spectacol [&hellip;]<\/p>\n","protected":false},"author":2,"featured_media":0,"comment_status":"open","ping_status":"open","sticky":false,"template":"","format":"standard","meta":{"footnotes":""},"categories":[3],"tags":[],"class_list":["post-18778","post","type-post","status-publish","format-standard","hentry","category-exclusiv"],"_links":{"self":[{"href":"https:\/\/www.giurgiuveanul.ro\/stiri\/wp-json\/wp\/v2\/posts\/18778","targetHints":{"allow":["GET"]}}],"collection":[{"href":"https:\/\/www.giurgiuveanul.ro\/stiri\/wp-json\/wp\/v2\/posts"}],"about":[{"href":"https:\/\/www.giurgiuveanul.ro\/stiri\/wp-json\/wp\/v2\/types\/post"}],"author":[{"embeddable":true,"href":"https:\/\/www.giurgiuveanul.ro\/stiri\/wp-json\/wp\/v2\/users\/2"}],"replies":[{"embeddable":true,"href":"https:\/\/www.giurgiuveanul.ro\/stiri\/wp-json\/wp\/v2\/comments?post=18778"}],"version-history":[{"count":0,"href":"https:\/\/www.giurgiuveanul.ro\/stiri\/wp-json\/wp\/v2\/posts\/18778\/revisions"}],"wp:attachment":[{"href":"https:\/\/www.giurgiuveanul.ro\/stiri\/wp-json\/wp\/v2\/media?parent=18778"}],"wp:term":[{"taxonomy":"category","embeddable":true,"href":"https:\/\/www.giurgiuveanul.ro\/stiri\/wp-json\/wp\/v2\/categories?post=18778"},{"taxonomy":"post_tag","embeddable":true,"href":"https:\/\/www.giurgiuveanul.ro\/stiri\/wp-json\/wp\/v2\/tags?post=18778"}],"curies":[{"name":"wp","href":"https:\/\/api.w.org\/{rel}","templated":true}]}}