{"id":18782,"date":"2015-01-21T13:16:50","date_gmt":"2015-01-21T11:16:50","guid":{"rendered":"https:\/\/www.giurgiuveanul.ro\/stiri\/?p=18782"},"modified":"2015-01-21T13:16:50","modified_gmt":"2015-01-21T11:16:50","slug":"foto-minor-de-patru-ani-acrosat-pe-trecerea-de-pietoni","status":"publish","type":"post","link":"https:\/\/www.giurgiuveanul.ro\/stiri\/foto-minor-de-patru-ani-acrosat-pe-trecerea-de-pietoni\/","title":{"rendered":"FOTO! Minor de patru ani, acro\u015fat pe trecerea de pietoni!"},"content":{"rendered":"<p style=\"text-align: justify;\"><strong><a href=\"https:\/\/www.giurgiuveanul.ro\/stiri\/wp-content\/uploads\/2015\/01\/IMG_3509.jpg\"><img loading=\"lazy\" decoding=\"async\" class=\"aligncenter size-large wp-image-18783\" src=\"https:\/\/www.giurgiuveanul.ro\/stiri\/wp-content\/uploads\/2015\/01\/IMG_3509-560x409.jpg\" alt=\"IMG_3509\" width=\"560\" height=\"409\" srcset=\"https:\/\/www.giurgiuveanul.ro\/stiri\/wp-content\/uploads\/2015\/01\/IMG_3509-560x409.jpg 560w, https:\/\/www.giurgiuveanul.ro\/stiri\/wp-content\/uploads\/2015\/01\/IMG_3509-250x183.jpg 250w, https:\/\/www.giurgiuveanul.ro\/stiri\/wp-content\/uploads\/2015\/01\/IMG_3509-400x292.jpg 400w, https:\/\/www.giurgiuveanul.ro\/stiri\/wp-content\/uploads\/2015\/01\/IMG_3509.jpg 800w\" sizes=\"auto, (max-width: 560px) 100vw, 560px\" \/><\/a>Un copil de doar patru ani a ajuns la spital dup\u0103 ce a fost lovit de un microbuz. Totul s-a \u00eent\u00e2mplat \u00een timp ce micu\u021bul se angajase \u00een traversarea str\u0103zii pe trecerea de pietoni. Atunci a fost acro\u015fat de un microbuz de c\u0103l\u0103tori.<\/strong><\/p>\n<p style=\"text-align: justify;\">Din primele cercet\u0103ri efectuate la fa\u0163a locului de c\u0103tre poli\u0163i\u015ftii Biroului Rutier Giurgiu s-a constatat c\u0103<!--more--> P.F. , 47 ani, din Giurgiu, \u00een timp ce conducea un microbuz cu c\u0103l\u0103tori, \u00een direc\u0163ia spre Bucure\u015fti, pe DN5, \u00een zona \u015ecolii din Remu\u015f, a acro\u015fat un copila\u015f\u00a0de patru ani, J.D.D., din aceea\u015fi localitate, minor ce s-a angajat, \u00eempreun\u0103 cu bunica sa, \u00een traversarea str\u0103zii regulamentar, pe trecerea de pietoni, semnalizat\u0103 \u015fi marcat\u0103 corespunz\u0103tor.<\/p>\n<p style=\"text-align: justify;\">\u00cen urma impactului a rezultat accidentarea u\u015foar\u0103 a pietonului, victima fiind transportat\u0103 la Spitalul Jude\u0163ean de Urgen\u0163\u0103 Giurgiu, pentru acordarea de \u00eengrijiri medicale.<\/p>\n<p style=\"text-align: justify;\"><a href=\"https:\/\/www.giurgiuveanul.ro\/stiri\/wp-content\/uploads\/2015\/01\/IMG_3496.jpg\"><img loading=\"lazy\" decoding=\"async\" class=\"aligncenter size-large wp-image-18787\" src=\"https:\/\/www.giurgiuveanul.ro\/stiri\/wp-content\/uploads\/2015\/01\/IMG_3496-560x432.jpg\" alt=\"IMG_3496\" width=\"560\" height=\"432\" srcset=\"https:\/\/www.giurgiuveanul.ro\/stiri\/wp-content\/uploads\/2015\/01\/IMG_3496-560x432.jpg 560w, https:\/\/www.giurgiuveanul.ro\/stiri\/wp-content\/uploads\/2015\/01\/IMG_3496-250x193.jpg 250w, https:\/\/www.giurgiuveanul.ro\/stiri\/wp-content\/uploads\/2015\/01\/IMG_3496-400x309.jpg 400w, https:\/\/www.giurgiuveanul.ro\/stiri\/wp-content\/uploads\/2015\/01\/IMG_3496.jpg 800w\" sizes=\"auto, (max-width: 560px) 100vw, 560px\" \/><\/a><\/p>\n<p style=\"text-align: justify;\">\n<p style=\"text-align: justify;\">Conduc\u0103torul auto a fost testat cu aparatul etilotest, rezultatul fiind negativ.<\/p>\n<p style=\"text-align: justify;\"><a href=\"https:\/\/www.giurgiuveanul.ro\/stiri\/wp-content\/uploads\/2015\/01\/IMG_3550.jpg\"><img loading=\"lazy\" decoding=\"async\" class=\"aligncenter size-large wp-image-18786\" src=\"https:\/\/www.giurgiuveanul.ro\/stiri\/wp-content\/uploads\/2015\/01\/IMG_3550-560x330.jpg\" alt=\"IMG_3550\" width=\"560\" height=\"330\" srcset=\"https:\/\/www.giurgiuveanul.ro\/stiri\/wp-content\/uploads\/2015\/01\/IMG_3550-560x330.jpg 560w, https:\/\/www.giurgiuveanul.ro\/stiri\/wp-content\/uploads\/2015\/01\/IMG_3550-250x148.jpg 250w, https:\/\/www.giurgiuveanul.ro\/stiri\/wp-content\/uploads\/2015\/01\/IMG_3550-400x236.jpg 400w, https:\/\/www.giurgiuveanul.ro\/stiri\/wp-content\/uploads\/2015\/01\/IMG_3550.jpg 800w\" sizes=\"auto, (max-width: 560px) 100vw, 560px\" \/><\/a><\/p>\n<p style=\"text-align: justify;\">\u00cen cauz\u0103 s-a \u00eentocmit dosar penal, sub aspectul s\u0103v\u00e2r\u015firii infrac\u0163iunii de v\u0103t\u0103mare corporal\u0103 din culp\u0103, poli\u0163i\u015ftii rutieri continu\u00e2nd cercet\u0103rile pentru stabilirea cauzelor \u015fi \u00eemprejur\u0103rilor exacte \u00een care s-a produs evenimentul rutier.<\/p>\n<p style=\"text-align: justify;\"><a href=\"https:\/\/www.giurgiuveanul.ro\/stiri\/wp-content\/uploads\/2015\/01\/IMG_3521-2.jpg\"><img loading=\"lazy\" decoding=\"async\" class=\"aligncenter size-large wp-image-18785\" src=\"https:\/\/www.giurgiuveanul.ro\/stiri\/wp-content\/uploads\/2015\/01\/IMG_3521-2-560x404.jpg\" alt=\"IMG_3521-2\" width=\"560\" height=\"404\" srcset=\"https:\/\/www.giurgiuveanul.ro\/stiri\/wp-content\/uploads\/2015\/01\/IMG_3521-2-560x404.jpg 560w, https:\/\/www.giurgiuveanul.ro\/stiri\/wp-content\/uploads\/2015\/01\/IMG_3521-2-250x180.jpg 250w, https:\/\/www.giurgiuveanul.ro\/stiri\/wp-content\/uploads\/2015\/01\/IMG_3521-2-400x289.jpg 400w, https:\/\/www.giurgiuveanul.ro\/stiri\/wp-content\/uploads\/2015\/01\/IMG_3521-2.jpg 800w\" sizes=\"auto, (max-width: 560px) 100vw, 560px\" \/><\/a><\/p>\n","protected":false},"excerpt":{"rendered":"<p>Un copil de doar patru ani a ajuns la spital dup\u0103 ce a fost lovit de un microbuz. Totul s-a \u00eent\u00e2mplat \u00een timp ce micu\u021bul se angajase \u00een traversarea str\u0103zii pe trecerea de pietoni. Atunci a fost acro\u015fat de un microbuz de c\u0103l\u0103tori. Din primele cercet\u0103ri efectuate la fa\u0163a locului de c\u0103tre poli\u0163i\u015ftii Biroului Rutier [&hellip;]<\/p>\n","protected":false},"author":2,"featured_media":0,"comment_status":"open","ping_status":"open","sticky":false,"template":"","format":"standard","meta":{"footnotes":""},"categories":[1],"tags":[],"class_list":["post-18782","post","type-post","status-publish","format-standard","hentry","category-actualitate"],"_links":{"self":[{"href":"https:\/\/www.giurgiuveanul.ro\/stiri\/wp-json\/wp\/v2\/posts\/18782","targetHints":{"allow":["GET"]}}],"collection":[{"href":"https:\/\/www.giurgiuveanul.ro\/stiri\/wp-json\/wp\/v2\/posts"}],"about":[{"href":"https:\/\/www.giurgiuveanul.ro\/stiri\/wp-json\/wp\/v2\/types\/post"}],"author":[{"embeddable":true,"href":"https:\/\/www.giurgiuveanul.ro\/stiri\/wp-json\/wp\/v2\/users\/2"}],"replies":[{"embeddable":true,"href":"https:\/\/www.giurgiuveanul.ro\/stiri\/wp-json\/wp\/v2\/comments?post=18782"}],"version-history":[{"count":0,"href":"https:\/\/www.giurgiuveanul.ro\/stiri\/wp-json\/wp\/v2\/posts\/18782\/revisions"}],"wp:attachment":[{"href":"https:\/\/www.giurgiuveanul.ro\/stiri\/wp-json\/wp\/v2\/media?parent=18782"}],"wp:term":[{"taxonomy":"category","embeddable":true,"href":"https:\/\/www.giurgiuveanul.ro\/stiri\/wp-json\/wp\/v2\/categories?post=18782"},{"taxonomy":"post_tag","embeddable":true,"href":"https:\/\/www.giurgiuveanul.ro\/stiri\/wp-json\/wp\/v2\/tags?post=18782"}],"curies":[{"name":"wp","href":"https:\/\/api.w.org\/{rel}","templated":true}]}}