{"id":18794,"date":"2015-01-21T15:44:42","date_gmt":"2015-01-21T13:44:42","guid":{"rendered":"https:\/\/www.giurgiuveanul.ro\/stiri\/?p=18794"},"modified":"2015-01-21T15:44:42","modified_gmt":"2015-01-21T13:44:42","slug":"vicepresedintele-consiliului-judetean-giurgiu-schimbat-din-functie-cu-cine-fost-inlocuit","status":"publish","type":"post","link":"https:\/\/www.giurgiuveanul.ro\/stiri\/vicepresedintele-consiliului-judetean-giurgiu-schimbat-din-functie-cu-cine-fost-inlocuit\/","title":{"rendered":"Vicepre\u015fedintele Consiliului Jude\u0163ean Giurgiu, schimbat din func\u0163ie. Cu cine a fost \u00eenlocuit"},"content":{"rendered":"<p style=\"text-align: justify;\"><a href=\"https:\/\/www.giurgiuveanul.ro\/stiri\/wp-content\/uploads\/2015\/01\/IMG_1015.jpg\"><img loading=\"lazy\" decoding=\"async\" class=\"aligncenter size-large wp-image-18795\" src=\"https:\/\/www.giurgiuveanul.ro\/stiri\/wp-content\/uploads\/2015\/01\/IMG_1015-526x450.jpg\" alt=\"IMG_1015\" width=\"526\" height=\"450\" srcset=\"https:\/\/www.giurgiuveanul.ro\/stiri\/wp-content\/uploads\/2015\/01\/IMG_1015-526x450.jpg 526w, https:\/\/www.giurgiuveanul.ro\/stiri\/wp-content\/uploads\/2015\/01\/IMG_1015-250x214.jpg 250w, https:\/\/www.giurgiuveanul.ro\/stiri\/wp-content\/uploads\/2015\/01\/IMG_1015-400x343.jpg 400w, https:\/\/www.giurgiuveanul.ro\/stiri\/wp-content\/uploads\/2015\/01\/IMG_1015.jpg 800w\" sizes=\"auto, (max-width: 526px) 100vw, 526px\" \/><\/a>Vicepre\u015fedintele Consiliului Jude\u0163ean Giurgiu, Cristian Marciu (PSD) a fost schimbat, ast\u0103zi, din func\u0163ie, \u00een cadrul unei \u015fedin\u0163e extraordinare.\u00a0 Consilierii PSD \u015fi cei de la PLR au ie\u015fit din sal\u0103, nedorind s\u0103 <!--more-->participe la aceast\u0103 \u015fedin\u0163\u0103 extraordinar\u0103, a c\u0103rei ordine de zi a fost suplimentat\u0103 cu \u00eenlocuirea lui Cristian Marciu, dar \u015fi cu \u00eencetarea mandatelor a celor trei consilieri de la PLR.<\/p>\n<p style=\"text-align: justify;\">Cei 16 consilieri r\u0103ma\u015fi \u00een sal\u0103, dar \u015fi pre\u015fedintele Vasile Must\u0103\u0163ea,\u00a0 au trecut la vot secret. \u015ei au votat \u00een unanimitate ca vicepre\u015fedintele\u00a0 Cristian Marciu s\u0103 fie eliberat din func\u0163ia de vicepre\u015fedinte al CJ Giurgiu.<\/p>\n<p style=\"text-align: justify;\">Motiva\u0163ia a fost una strict politic\u0103 iar propunerea de \u00eenlocuire din func\u0163ie \u015fi vacantarea acesteia s-a f\u0103cut ca urmare a solicit\u0103rii a 15 consilieri de la PNL, PPDD, PDL \u015fi independen\u0163i.<\/p>\n<p style=\"text-align: justify;\">Consilierii jude\u0163eni l-au votat \u015fi pe Ionu\u0163 Matei (independent) \u00een func\u0163ia de vicepre\u015fedinte al CJ Giurgiu. Au votat 17 ale\u015fi, fiind de acord \u00een unanimitate.<\/p>\n<p style=\"text-align: justify;\"><a href=\"https:\/\/www.giurgiuveanul.ro\/stiri\/wp-content\/uploads\/2015\/01\/IMG_4220.jpg\"><img loading=\"lazy\" decoding=\"async\" class=\"aligncenter size-large wp-image-18796\" src=\"https:\/\/www.giurgiuveanul.ro\/stiri\/wp-content\/uploads\/2015\/01\/IMG_4220-420x450.jpg\" alt=\"IMG_4220\" width=\"420\" height=\"450\" srcset=\"https:\/\/www.giurgiuveanul.ro\/stiri\/wp-content\/uploads\/2015\/01\/IMG_4220-420x450.jpg 420w, https:\/\/www.giurgiuveanul.ro\/stiri\/wp-content\/uploads\/2015\/01\/IMG_4220-250x268.jpg 250w, https:\/\/www.giurgiuveanul.ro\/stiri\/wp-content\/uploads\/2015\/01\/IMG_4220-400x429.jpg 400w, https:\/\/www.giurgiuveanul.ro\/stiri\/wp-content\/uploads\/2015\/01\/IMG_4220.jpg 1009w\" sizes=\"auto, (max-width: 420px) 100vw, 420px\" \/><\/a><\/p>\n<p style=\"text-align: justify;\">Pre\u015fedintele CJ Giurgiu, Vasile Must\u0103\u0163ea, nu a uitat s\u0103-i mul\u0163umeasc\u0103 lui Cristian Marciu pentru activitatea desf\u0103\u015furat\u0103 \u00een cadrul institu\u0163iei, \u00eens\u0103 \u015fi-a exprimat \u015fi temerea c\u0103 respectiva hot\u0103r\u00e2re ar putea fi atacat\u0103 \u00een instan\u0163\u0103 de c\u0103tre prefectul jude\u0163ului Giurgiu.<\/p>\n<p><em>Marcela Petcu<\/em><\/p>\n","protected":false},"excerpt":{"rendered":"<p>Vicepre\u015fedintele Consiliului Jude\u0163ean Giurgiu, Cristian Marciu (PSD) a fost schimbat, ast\u0103zi, din func\u0163ie, \u00een cadrul unei \u015fedin\u0163e extraordinare.\u00a0 Consilierii PSD \u015fi cei de la PLR au ie\u015fit din sal\u0103, nedorind s\u0103<\/p>\n","protected":false},"author":2,"featured_media":0,"comment_status":"open","ping_status":"open","sticky":false,"template":"","format":"standard","meta":{"footnotes":""},"categories":[6],"tags":[],"class_list":["post-18794","post","type-post","status-publish","format-standard","hentry","category-breaking-news"],"_links":{"self":[{"href":"https:\/\/www.giurgiuveanul.ro\/stiri\/wp-json\/wp\/v2\/posts\/18794","targetHints":{"allow":["GET"]}}],"collection":[{"href":"https:\/\/www.giurgiuveanul.ro\/stiri\/wp-json\/wp\/v2\/posts"}],"about":[{"href":"https:\/\/www.giurgiuveanul.ro\/stiri\/wp-json\/wp\/v2\/types\/post"}],"author":[{"embeddable":true,"href":"https:\/\/www.giurgiuveanul.ro\/stiri\/wp-json\/wp\/v2\/users\/2"}],"replies":[{"embeddable":true,"href":"https:\/\/www.giurgiuveanul.ro\/stiri\/wp-json\/wp\/v2\/comments?post=18794"}],"version-history":[{"count":0,"href":"https:\/\/www.giurgiuveanul.ro\/stiri\/wp-json\/wp\/v2\/posts\/18794\/revisions"}],"wp:attachment":[{"href":"https:\/\/www.giurgiuveanul.ro\/stiri\/wp-json\/wp\/v2\/media?parent=18794"}],"wp:term":[{"taxonomy":"category","embeddable":true,"href":"https:\/\/www.giurgiuveanul.ro\/stiri\/wp-json\/wp\/v2\/categories?post=18794"},{"taxonomy":"post_tag","embeddable":true,"href":"https:\/\/www.giurgiuveanul.ro\/stiri\/wp-json\/wp\/v2\/tags?post=18794"}],"curies":[{"name":"wp","href":"https:\/\/api.w.org\/{rel}","templated":true}]}}