{"id":18806,"date":"2015-01-21T19:10:49","date_gmt":"2015-01-21T17:10:49","guid":{"rendered":"https:\/\/www.giurgiuveanul.ro\/stiri\/?p=18806"},"modified":"2015-01-21T19:10:49","modified_gmt":"2015-01-21T17:10:49","slug":"neadaptarea-vitezei-la-conditiile-de-drum-cauza-unui-alt-accident-rutier","status":"publish","type":"post","link":"https:\/\/www.giurgiuveanul.ro\/stiri\/neadaptarea-vitezei-la-conditiile-de-drum-cauza-unui-alt-accident-rutier\/","title":{"rendered":"Neadaptarea vitezei la condi\u0163iile de drum, cauza unui alt accident rutier"},"content":{"rendered":"<p style=\"text-align: justify;\"><a href=\"https:\/\/www.giurgiuveanul.ro\/stiri\/wp-content\/uploads\/2015\/01\/accident.jpg\"><img loading=\"lazy\" decoding=\"async\" class=\"aligncenter size-large wp-image-18807\" src=\"https:\/\/www.giurgiuveanul.ro\/stiri\/wp-content\/uploads\/2015\/01\/accident-560x421.jpg\" alt=\"accident\" width=\"560\" height=\"421\" srcset=\"https:\/\/www.giurgiuveanul.ro\/stiri\/wp-content\/uploads\/2015\/01\/accident-560x421.jpg 560w, https:\/\/www.giurgiuveanul.ro\/stiri\/wp-content\/uploads\/2015\/01\/accident-250x188.jpg 250w, https:\/\/www.giurgiuveanul.ro\/stiri\/wp-content\/uploads\/2015\/01\/accident-400x301.jpg 400w, https:\/\/www.giurgiuveanul.ro\/stiri\/wp-content\/uploads\/2015\/01\/accident.jpg 604w\" sizes=\"auto, (max-width: 560px) 100vw, 560px\" \/><\/a>Accidentul a avut loc pe<!--more--> Drumul Jude\u0163ean 601, \u00een afara localit\u0103\u0163ii Malu Spart, jude\u0163ul Giurgiu. M. M. D., un t\u00e2n\u0103r de 22 ani, din comuna Sili\u015ftea, jude\u0163ul Teleorman, \u00een timp ce conducea autoturismul, din cauza neadapt\u0103rii vitezei la condi\u0163iile de drum acoperit cu polei, a pierdut controlul direc\u0163iei autovehiculului \u015fi a intrat, pe sens opus, \u00een coliziune cu un alt autoturism, condus regulamentar de R. A., un t\u00e2n\u0103r de 26 ani, din municipiul Alexandria, jude\u0163ul Teleorman.<\/p>\n<p style=\"text-align: justify;\">Din accident a rezultat r\u0103nirea u\u015foar\u0103 a lui B. I., o femeie de 75 ani, din comuna Bleje\u015fti, jude\u0163ul Teleorman, pasager\u0103 \u00een autoturismul care a produs accidentul. Victima a fost transportat\u0103 la Spitalul Universitar de Urgen\u0163\u0103 Bucure\u015fti pentru acordarea de \u00eengrijiri medicale \u015fi efectuarea de investiga\u0163ii suplimentare.<\/p>\n<p style=\"text-align: justify;\">Conduc\u0103torii auto au fost testa\u0163i cu aparatul etilo-test, rezultatul fiind 0,00 mg\/l alcool pur \u00een aerul expirat \u015fi le-au fost recoltate probe biologice de s\u00e2nge \u00een vederea stabilirii alcoolemiei.<\/p>\n<p style=\"text-align: justify;\">Poli\u0163i\u015ftii Forma\u0163iunii Rutiere de la Poli\u0163ia Ora\u015fului Bolintin Vale au \u00eentocmit \u00een cauz\u0103 un dosar penal \u00een care efectueaz\u0103 cercet\u0103ri sub aspectul comiterii infrac\u0163iunii de v\u0103t\u0103mare corporal\u0103 din culp\u0103.<\/p>\n","protected":false},"excerpt":{"rendered":"<p>Accidentul a avut loc pe<\/p>\n","protected":false},"author":2,"featured_media":0,"comment_status":"open","ping_status":"open","sticky":false,"template":"","format":"standard","meta":{"footnotes":""},"categories":[6],"tags":[],"class_list":["post-18806","post","type-post","status-publish","format-standard","hentry","category-breaking-news"],"_links":{"self":[{"href":"https:\/\/www.giurgiuveanul.ro\/stiri\/wp-json\/wp\/v2\/posts\/18806","targetHints":{"allow":["GET"]}}],"collection":[{"href":"https:\/\/www.giurgiuveanul.ro\/stiri\/wp-json\/wp\/v2\/posts"}],"about":[{"href":"https:\/\/www.giurgiuveanul.ro\/stiri\/wp-json\/wp\/v2\/types\/post"}],"author":[{"embeddable":true,"href":"https:\/\/www.giurgiuveanul.ro\/stiri\/wp-json\/wp\/v2\/users\/2"}],"replies":[{"embeddable":true,"href":"https:\/\/www.giurgiuveanul.ro\/stiri\/wp-json\/wp\/v2\/comments?post=18806"}],"version-history":[{"count":0,"href":"https:\/\/www.giurgiuveanul.ro\/stiri\/wp-json\/wp\/v2\/posts\/18806\/revisions"}],"wp:attachment":[{"href":"https:\/\/www.giurgiuveanul.ro\/stiri\/wp-json\/wp\/v2\/media?parent=18806"}],"wp:term":[{"taxonomy":"category","embeddable":true,"href":"https:\/\/www.giurgiuveanul.ro\/stiri\/wp-json\/wp\/v2\/categories?post=18806"},{"taxonomy":"post_tag","embeddable":true,"href":"https:\/\/www.giurgiuveanul.ro\/stiri\/wp-json\/wp\/v2\/tags?post=18806"}],"curies":[{"name":"wp","href":"https:\/\/api.w.org\/{rel}","templated":true}]}}