{"id":18812,"date":"2015-01-22T09:58:37","date_gmt":"2015-01-22T07:58:37","guid":{"rendered":"https:\/\/www.giurgiuveanul.ro\/stiri\/?p=18812"},"modified":"2015-01-22T10:01:21","modified_gmt":"2015-01-22T08:01:21","slug":"copilul-lovit-pe-trecerea-de-pietoni-la-remus-in-stare-grava-la-terapie-intensiva-intr-un-spital-din-bucuresti","status":"publish","type":"post","link":"https:\/\/www.giurgiuveanul.ro\/stiri\/copilul-lovit-pe-trecerea-de-pietoni-la-remus-in-stare-grava-la-terapie-intensiva-intr-un-spital-din-bucuresti\/","title":{"rendered":"Copilul lovit pe trecerea de pietoni la Remu\u015f, \u00een stare grav\u0103, la terapie intensiv\u0103 \u00eentr-un spital din Bucure\u015fti"},"content":{"rendered":"<p style=\"text-align: justify;\"><a href=\"https:\/\/www.giurgiuveanul.ro\/stiri\/wp-content\/uploads\/2015\/01\/copilul.jpg\"><img loading=\"lazy\" decoding=\"async\" class=\"aligncenter size-full wp-image-18813\" src=\"https:\/\/www.giurgiuveanul.ro\/stiri\/wp-content\/uploads\/2015\/01\/copilul.jpg\" alt=\"copilul\" width=\"460\" height=\"431\" srcset=\"https:\/\/www.giurgiuveanul.ro\/stiri\/wp-content\/uploads\/2015\/01\/copilul.jpg 460w, https:\/\/www.giurgiuveanul.ro\/stiri\/wp-content\/uploads\/2015\/01\/copilul-250x234.jpg 250w, https:\/\/www.giurgiuveanul.ro\/stiri\/wp-content\/uploads\/2015\/01\/copilul-400x375.jpg 400w\" sizes=\"auto, (max-width: 460px) 100vw, 460px\" \/><\/a>Copilul de patru ani\u015fori <em>(cel mai mic din imaginea de mai sus)<\/em>, din Remu\u015f, lovit pe trecerea de pietoni, ieri, 21 ianuarie 2015, a fost ini\u0163ial transportat de o Ambulan\u0163\u0103 la Spitalul Jude\u0163ean de Urgen\u0163\u0103 Giurgiu. Ulterior, micu\u0163ul a fost dus la un spital din Bucure\u015fti, a comentat un membru al familiei, pe contul nostru de Facebook: <em>\u201eAm\u00e2ndoi fra\u0163ii se aflau pe trecerea de pietoni, cel mare a sc\u0103pat numai cu sperietura, dar cel mic este cel r\u0103nit \u015fi nu este u\u015for accidentat este la terapie intensiv\u0103 \u00een Bucure\u015fti. A\u015ftept\u0103m <!--more-->rezultatele analizelor \u00een urm\u0103toarele 48 de ore, plus o interven\u0163ie chirurgical\u0103 la piciorul st\u00e2ng\u201d, <\/em>arat\u0103 acesta.<\/p>\n<p style=\"text-align: justify;\">Acest lucru a fost confirmat \u015fi de reprezentatul IPJ Giurgiu, comisar \u015fef Cristian \u015eu\u0163\u0103, care a precizat c\u0103 micu\u0163ul a fost diagnosticat pentru \u00eenceput cu politraumatisme, escoria\u0163ii \u015fi o fractur\u0103 de gamb\u0103.<\/p>\n<p style=\"text-align: justify;\">Potrivit comisarului \u015fef Cristian \u015eu\u0163\u0103, purt\u0103torul de cuv\u00e2nt al IPJ Giurgiu, \u00een spe\u0163\u0103, s-a deschis dosar de cercetare penal\u0103, \u00een mod normal, pentru v\u0103t\u0103mare corporal\u0103 din culp\u0103, \u015fi se a\u015fteapt\u0103 finalizarea colect\u0103rii probelor, evolu\u0163ia leziunilor men\u0163ionate la prima expertiz\u0103, dac\u0103 apar date medicale noi, complica\u0163ii sau sechele, inclusiv a actelor medicale CML (certificat medico-legal), care vor preciza num\u0103rul zilelor de \u00eengrijiri medicale, necesare p\u0103r\u0163ii v\u0103t\u0103mate. CML se poate completa sau modifica, \u00een CML sunt trecute zilele de \u00eengrijiri medicale nu zilele de spitalizare \u015fi \u00een func\u0163ie de zilele de \u00eengrijiri medicale se va face \u015fi \u00eencadrarea faptei.<\/p>\n","protected":false},"excerpt":{"rendered":"<p>Copilul de patru ani\u015fori (cel mai mic din imaginea de mai sus), din Remu\u015f, lovit pe trecerea de pietoni, ieri, 21 ianuarie 2015, a fost ini\u0163ial transportat de o Ambulan\u0163\u0103 la Spitalul Jude\u0163ean de Urgen\u0163\u0103 Giurgiu. Ulterior, micu\u0163ul a fost dus la un spital din Bucure\u015fti, a comentat un membru al familiei, pe contul nostru [&hellip;]<\/p>\n","protected":false},"author":2,"featured_media":0,"comment_status":"open","ping_status":"open","sticky":false,"template":"","format":"standard","meta":{"footnotes":""},"categories":[6],"tags":[],"class_list":["post-18812","post","type-post","status-publish","format-standard","hentry","category-breaking-news"],"_links":{"self":[{"href":"https:\/\/www.giurgiuveanul.ro\/stiri\/wp-json\/wp\/v2\/posts\/18812","targetHints":{"allow":["GET"]}}],"collection":[{"href":"https:\/\/www.giurgiuveanul.ro\/stiri\/wp-json\/wp\/v2\/posts"}],"about":[{"href":"https:\/\/www.giurgiuveanul.ro\/stiri\/wp-json\/wp\/v2\/types\/post"}],"author":[{"embeddable":true,"href":"https:\/\/www.giurgiuveanul.ro\/stiri\/wp-json\/wp\/v2\/users\/2"}],"replies":[{"embeddable":true,"href":"https:\/\/www.giurgiuveanul.ro\/stiri\/wp-json\/wp\/v2\/comments?post=18812"}],"version-history":[{"count":0,"href":"https:\/\/www.giurgiuveanul.ro\/stiri\/wp-json\/wp\/v2\/posts\/18812\/revisions"}],"wp:attachment":[{"href":"https:\/\/www.giurgiuveanul.ro\/stiri\/wp-json\/wp\/v2\/media?parent=18812"}],"wp:term":[{"taxonomy":"category","embeddable":true,"href":"https:\/\/www.giurgiuveanul.ro\/stiri\/wp-json\/wp\/v2\/categories?post=18812"},{"taxonomy":"post_tag","embeddable":true,"href":"https:\/\/www.giurgiuveanul.ro\/stiri\/wp-json\/wp\/v2\/tags?post=18812"}],"curies":[{"name":"wp","href":"https:\/\/api.w.org\/{rel}","templated":true}]}}