{"id":18819,"date":"2015-01-22T14:18:30","date_gmt":"2015-01-22T12:18:30","guid":{"rendered":"https:\/\/www.giurgiuveanul.ro\/stiri\/?p=18819"},"modified":"2015-01-22T14:18:30","modified_gmt":"2015-01-22T12:18:30","slug":"desi-deficit-de-personal-isu-giurgiu-gestionat-cu-brio-4-761-de-situatii-de-urgenta","status":"publish","type":"post","link":"https:\/\/www.giurgiuveanul.ro\/stiri\/desi-deficit-de-personal-isu-giurgiu-gestionat-cu-brio-4-761-de-situatii-de-urgenta\/","title":{"rendered":"De\u015fi are deficit de personal, ISU Giurgiu a gestionat cu brio 4.761 de situa\u0163ii de urgen\u0163\u0103"},"content":{"rendered":"<p style=\"text-align: justify;\"><strong><a href=\"https:\/\/www.giurgiuveanul.ro\/stiri\/wp-content\/uploads\/2015\/01\/IMG_3589.jpg\"><img loading=\"lazy\" decoding=\"async\" class=\"aligncenter size-large wp-image-18820\" src=\"https:\/\/www.giurgiuveanul.ro\/stiri\/wp-content\/uploads\/2015\/01\/IMG_3589-560x307.jpg\" alt=\"IMG_3589\" width=\"560\" height=\"307\" srcset=\"https:\/\/www.giurgiuveanul.ro\/stiri\/wp-content\/uploads\/2015\/01\/IMG_3589-560x307.jpg 560w, https:\/\/www.giurgiuveanul.ro\/stiri\/wp-content\/uploads\/2015\/01\/IMG_3589-250x137.jpg 250w, https:\/\/www.giurgiuveanul.ro\/stiri\/wp-content\/uploads\/2015\/01\/IMG_3589-400x219.jpg 400w, https:\/\/www.giurgiuveanul.ro\/stiri\/wp-content\/uploads\/2015\/01\/IMG_3589.jpg 800w\" sizes=\"auto, (max-width: 560px) 100vw, 560px\" \/><\/a>La sediul Inspectoratului pentru Situa\u0163ii de Urgen\u0163\u0103 \u201eVla\u015fca\u201d al jude\u0163ului Giurgiu s-a desf\u0103\u015furat, joi, 22 ianuarie 2015, o conferin\u0163\u0103 de pres\u0103 \u00een cadrul c\u0103reia colonelul Marius Stancu, \u00eemputernicit inspector \u015fef, secondat de c\u0103pitan M\u0103d\u0103lina Bo\u0163oroag\u0103, purt\u0103tor de cuv\u00e2nt, a prezentat o evaluare pe 2014 a activit\u0103\u0163ii institu\u0163iei.<\/strong><\/p>\n<p style=\"text-align: justify;\">Astfel, \u00een <!--more-->cursul anului ce s-a \u00eencheiat, au fost gestionate 4.761 situa\u0163ii de urgen\u0163\u0103, dintre care \u00a03.997\u00a0 solicit\u0103ri de asisten\u0163\u0103 medical\u0103 de urgen\u0163\u0103 \u015fi descarcerare (reprezent\u00e2nd o pondere de 84%) la care au intervenit modulele de descarcerare \u015fi ambulan\u0163ele inspectoratului \u015fi 764 \u00a0interven\u0163ii \u00een situa\u0163ii de urgen\u0163\u0103 la care au intervenit autospecialele \u015fi utilajele de stingere apar\u0163in\u00e2nd at\u00e2t inspectoratului c\u00e2t \u015fi serviciilor voluntare \u015fi private pentru situa\u0163ii de urgen\u0163\u0103.<\/p>\n<p style=\"text-align: justify;\">C\u00e2t despre incendii, pe teritoriul jude\u0163ului Giurgiu au avut loc 392 de astfel de interven\u0163ii.<\/p>\n<p style=\"text-align: justify;\">\u00cen timpul acestora, au fost protejate bunuri \u015fi instala\u0163ii \u00een valoare de peste 24.500.000 lei, pagubele produse fiind estimate la 5.600.000 lei.<\/p>\n<p style=\"text-align: justify;\"><strong>DEFICIT de PERSONAL<\/strong><\/p>\n<p style=\"text-align: justify;\">\u00cen prezent, unitatea are o \u00eencadrare cu personal \u00een procent de 76,70%\u00a0 pe urm\u0103toarele categorii de personal:\u00a0 71% ofi\u0163eri, 100% mai\u015ftri militari, 77% subofi\u0163eri.<\/p>\n<p style=\"text-align: justify;\"><strong>DEFICIEN\u0162E\u00a0 \u00ceN GESTIONAREA SITUA\u0162IILOR DE URGEN\u0162\u0102 \u00a0<\/strong><\/p>\n<p style=\"text-align: justify;\">ISU Giurgiu se confrunt\u0103 \u015fi cu anumite deficien\u0163e \u00een asigurarea situa\u0163iilor de urgen\u0163\u0103. Printre acestea se reg\u0103sesc echiparea \u0219i\/sau dotarea insuficient\u0103 a personalului operativ \u00een vederea asigur\u0103rii interven\u021biilor pentru salvarea persoanelor \u00een caz de inunda\u021bii, c\u0103deri masive de z\u0103pad\u0103 \u0219i din alte medii ostile vie\u021bii. Totodat\u0103, o alt\u0103 problem\u0103 este legat\u0103 de lipsa poligoanelor de preg\u0103tire, a punctelor de antrenament \u015fi a mijloacelor necesare preg\u0103tirii a avut implica\u021bii \u00een procesul instructiv \u0219i planificarea, preg\u0103tirea, organizarea \u0219i desf\u0103\u0219urarea activit\u0103\u021bii de preg\u0103tire a personalului \u015fi subunit\u0103\u021bilor \u0219i gestionare a situa\u021biilor de urgen\u021b\u0103.<\/p>\n","protected":false},"excerpt":{"rendered":"<p>La sediul Inspectoratului pentru Situa\u0163ii de Urgen\u0163\u0103 \u201eVla\u015fca\u201d al jude\u0163ului Giurgiu s-a desf\u0103\u015furat, joi, 22 ianuarie 2015, o conferin\u0163\u0103 de pres\u0103 \u00een cadrul c\u0103reia colonelul Marius Stancu, \u00eemputernicit inspector \u015fef, secondat de c\u0103pitan M\u0103d\u0103lina Bo\u0163oroag\u0103, purt\u0103tor de cuv\u00e2nt, a prezentat o evaluare pe 2014 a activit\u0103\u0163ii institu\u0163iei. Astfel, \u00een<\/p>\n","protected":false},"author":2,"featured_media":0,"comment_status":"open","ping_status":"open","sticky":false,"template":"","format":"standard","meta":{"footnotes":""},"categories":[6],"tags":[],"class_list":["post-18819","post","type-post","status-publish","format-standard","hentry","category-breaking-news"],"_links":{"self":[{"href":"https:\/\/www.giurgiuveanul.ro\/stiri\/wp-json\/wp\/v2\/posts\/18819","targetHints":{"allow":["GET"]}}],"collection":[{"href":"https:\/\/www.giurgiuveanul.ro\/stiri\/wp-json\/wp\/v2\/posts"}],"about":[{"href":"https:\/\/www.giurgiuveanul.ro\/stiri\/wp-json\/wp\/v2\/types\/post"}],"author":[{"embeddable":true,"href":"https:\/\/www.giurgiuveanul.ro\/stiri\/wp-json\/wp\/v2\/users\/2"}],"replies":[{"embeddable":true,"href":"https:\/\/www.giurgiuveanul.ro\/stiri\/wp-json\/wp\/v2\/comments?post=18819"}],"version-history":[{"count":0,"href":"https:\/\/www.giurgiuveanul.ro\/stiri\/wp-json\/wp\/v2\/posts\/18819\/revisions"}],"wp:attachment":[{"href":"https:\/\/www.giurgiuveanul.ro\/stiri\/wp-json\/wp\/v2\/media?parent=18819"}],"wp:term":[{"taxonomy":"category","embeddable":true,"href":"https:\/\/www.giurgiuveanul.ro\/stiri\/wp-json\/wp\/v2\/categories?post=18819"},{"taxonomy":"post_tag","embeddable":true,"href":"https:\/\/www.giurgiuveanul.ro\/stiri\/wp-json\/wp\/v2\/tags?post=18819"}],"curies":[{"name":"wp","href":"https:\/\/api.w.org\/{rel}","templated":true}]}}