{"id":18831,"date":"2015-01-23T08:34:16","date_gmt":"2015-01-23T06:34:16","guid":{"rendered":"https:\/\/www.giurgiuveanul.ro\/stiri\/?p=18831"},"modified":"2015-01-23T08:34:16","modified_gmt":"2015-01-23T06:34:16","slug":"ce-spun-pesedistii-despre-revocarea-lui-marciu","status":"publish","type":"post","link":"https:\/\/www.giurgiuveanul.ro\/stiri\/ce-spun-pesedistii-despre-revocarea-lui-marciu\/","title":{"rendered":"Ce spun pesedi\u015ftii despre revocarea lui Marciu"},"content":{"rendered":"<p style=\"text-align: justify;\"><a href=\"https:\/\/www.giurgiuveanul.ro\/stiri\/wp-content\/uploads\/2015\/01\/P1040505.jpg\"><img loading=\"lazy\" decoding=\"async\" class=\"aligncenter size-large wp-image-18832\" src=\"https:\/\/www.giurgiuveanul.ro\/stiri\/wp-content\/uploads\/2015\/01\/P1040505-560x441.jpg\" alt=\"P1040505\" width=\"560\" height=\"441\" srcset=\"https:\/\/www.giurgiuveanul.ro\/stiri\/wp-content\/uploads\/2015\/01\/P1040505-560x441.jpg 560w, https:\/\/www.giurgiuveanul.ro\/stiri\/wp-content\/uploads\/2015\/01\/P1040505-250x197.jpg 250w, https:\/\/www.giurgiuveanul.ro\/stiri\/wp-content\/uploads\/2015\/01\/P1040505-400x315.jpg 400w, https:\/\/www.giurgiuveanul.ro\/stiri\/wp-content\/uploads\/2015\/01\/P1040505.jpg 800w\" sizes=\"auto, (max-width: 560px) 100vw, 560px\" \/><\/a>Principalul subiect al conferin\u0163ei de pres\u0103 a PSD Giurgiu de joi, 22 ianuarie, l-a constituit schimbarea din func\u0163ia de vicepre\u015fedinte al Consiliului Jude\u0163ean a lui Cristian Marciu. Dac\u0103 purt\u0103torul de cuv\u00e2nt al\u00a0 organiza\u0163iei jude\u0163ene, <strong>R\u0103zvan Cuc<\/strong> <em>(foto),<\/em> crede c\u0103 revocarea lui Marciu a constituit \u201eo recompens\u0103\u201d pentru faptul c\u0103 a <!--more-->atras fonduri de peste 1.000 de miliarde pentru comunit\u0103\u0163ile locale, pre\u015fedintele Niculae B\u0103d\u0103l\u0103u consider\u0103 c\u0103 este o lips\u0103 total\u0103 de respect pentru un om care a adus bani pentru proiecte at\u00e2t pentru Consiliul Jude\u0163ean c\u00e2t \u015fi pentru localit\u0103\u0163i.<\/p>\n<p style=\"text-align: justify;\"><em>\u201eVasile Must\u0103\u0163ea nu a mai putut suporta antipatiile fa\u0163\u0103 de anumite persoane a\u015fa c\u0103 a introdus abuziv pe ordinea de zi \u015fase proiecte. Nu este un lucru demolator pentru dl. Marciu c\u0103 nu mai este vicepre\u015fedinte, pentru c\u0103 oricum era izolat, dar faptul c\u0103 a reu\u015fit s\u0103 aduc\u0103 pentru dezvoltarea jude\u0163ului peste 1.000 de miliarde de lei vechi, fonduri pe OUG 28, a dovedit ce eforturi a f\u0103cut acesta, \u015fi, drept recompens\u0103, a venit proiectul cu pricina\u201d<\/em>, a ar\u0103tat R\u0103zvan Cuc.<\/p>\n<p style=\"text-align: justify;\">\u00cen ceea ce prive\u015fte numirea lui Ionu\u0163 Matei \u00een locul lui Cristian Marciu, acesta consider\u0103 c\u0103 nu suport\u0103 compara\u0163ie mapele profesionale ale celor doi, \u00een condi\u0163iile \u00een care primul dintre ei nu a avut nici m\u0103car o interven\u0163ie \u00een cadrul CJ Giurgiu.<\/p>\n<p style=\"text-align: justify;\">Pe de alt\u0103 parte, Cuc sus\u0163ine c\u0103 Vasile Must\u0103\u0163ea a profitat din plin de lipsa secretarului jude\u0163ului, Florian Dinu, pentru a introduce cele \u015fase puncte suplimentare, care, \u00een opinia sa, nu aveau caracter de urgen\u0163\u0103 deci nu puteau fi puse pe ordinea de zi.<\/p>\n<p style=\"text-align: justify;\">\u00cen consecin\u0163\u0103, PSD Giurgiu a trimis o adres\u0103 c\u0103tre Institu\u0163ia Prefectului prin care solicit\u0103 atacarea \u00een contencios administrativ a celor \u015fase hot\u0103r\u00e2ri.<\/p>\n<p style=\"text-align: justify;\">P\u0103rerea sa a fost \u00eemp\u0103rt\u0103\u015fit\u0103 \u015fi de \u015feful PSD Giurgiu, senatorul Niculae B\u0103d\u0103l\u0103u, care s-a ar\u0103tat total surprins dar \u015fi-a exprimat \u015fi dezam\u0103girea fa\u0163\u0103 de schimbarea lui Marciu.<\/p>\n<p style=\"text-align: justify;\"><em>\u201eE un lucru surprinz\u0103tor pentru mine c\u0103 un om cu experien\u0163a lui Marciu, care se pricepe la partea tehnic\u0103, care a \u0163inut tot anul Consiliul Jude\u0163ean \u015fi localit\u0103\u0163ile cu proiecte, a fost schimbat. Asta arat\u0103 total\u0103 lips\u0103 de respect fa\u0163\u0103 de cet\u0103\u0163eni, \u015fi c\u0103 s-a f\u0103cut cu nerespectare legii, e clar, dar s\u0103 tratezi astfel singurul om care a f\u0103cut ceva pentru dezvoltarea jude\u0163ului, e o gol\u0103nie politic\u0103\u201d<\/em>, a precizat B\u0103d\u0103l\u0103u.<\/p>\n<p style=\"text-align: justify;\">Liderul PSD Giurgiu l-a crititat dur pe \u00eenlocuitorul lui Marciu, despre care a spus c\u0103 nu ar avea dec\u00e2t liceul \u015fi c\u0103 locuie\u015fte la Bragadiru.<\/p>\n","protected":false},"excerpt":{"rendered":"<p>Principalul subiect al conferin\u0163ei de pres\u0103 a PSD Giurgiu de joi, 22 ianuarie, l-a constituit schimbarea din func\u0163ia de vicepre\u015fedinte al Consiliului Jude\u0163ean a lui Cristian Marciu. Dac\u0103 purt\u0103torul de cuv\u00e2nt al\u00a0 organiza\u0163iei jude\u0163ene, R\u0103zvan Cuc (foto), crede c\u0103 revocarea lui Marciu a constituit \u201eo recompens\u0103\u201d pentru faptul c\u0103 a<\/p>\n","protected":false},"author":2,"featured_media":0,"comment_status":"open","ping_status":"open","sticky":false,"template":"","format":"standard","meta":{"footnotes":""},"categories":[6],"tags":[],"class_list":["post-18831","post","type-post","status-publish","format-standard","hentry","category-breaking-news"],"_links":{"self":[{"href":"https:\/\/www.giurgiuveanul.ro\/stiri\/wp-json\/wp\/v2\/posts\/18831","targetHints":{"allow":["GET"]}}],"collection":[{"href":"https:\/\/www.giurgiuveanul.ro\/stiri\/wp-json\/wp\/v2\/posts"}],"about":[{"href":"https:\/\/www.giurgiuveanul.ro\/stiri\/wp-json\/wp\/v2\/types\/post"}],"author":[{"embeddable":true,"href":"https:\/\/www.giurgiuveanul.ro\/stiri\/wp-json\/wp\/v2\/users\/2"}],"replies":[{"embeddable":true,"href":"https:\/\/www.giurgiuveanul.ro\/stiri\/wp-json\/wp\/v2\/comments?post=18831"}],"version-history":[{"count":0,"href":"https:\/\/www.giurgiuveanul.ro\/stiri\/wp-json\/wp\/v2\/posts\/18831\/revisions"}],"wp:attachment":[{"href":"https:\/\/www.giurgiuveanul.ro\/stiri\/wp-json\/wp\/v2\/media?parent=18831"}],"wp:term":[{"taxonomy":"category","embeddable":true,"href":"https:\/\/www.giurgiuveanul.ro\/stiri\/wp-json\/wp\/v2\/categories?post=18831"},{"taxonomy":"post_tag","embeddable":true,"href":"https:\/\/www.giurgiuveanul.ro\/stiri\/wp-json\/wp\/v2\/tags?post=18831"}],"curies":[{"name":"wp","href":"https:\/\/api.w.org\/{rel}","templated":true}]}}