{"id":18845,"date":"2015-01-23T11:22:48","date_gmt":"2015-01-23T09:22:48","guid":{"rendered":"https:\/\/www.giurgiuveanul.ro\/stiri\/?p=18845"},"modified":"2015-01-23T11:23:58","modified_gmt":"2015-01-23T09:23:58","slug":"doi-copii-de-patru-ani-accidentati-in-aceeasi-zi","status":"publish","type":"post","link":"https:\/\/www.giurgiuveanul.ro\/stiri\/doi-copii-de-patru-ani-accidentati-in-aceeasi-zi\/","title":{"rendered":"Doi copii, de patru ani, accidenta\u0163i \u00een aceea\u015fi zi!"},"content":{"rendered":"<p style=\"text-align: justify;\"><a href=\"https:\/\/www.giurgiuveanul.ro\/stiri\/wp-content\/uploads\/2015\/01\/ambulanta_28_.jpg\"><img loading=\"lazy\" decoding=\"async\" class=\"aligncenter size-full wp-image-18846\" src=\"https:\/\/www.giurgiuveanul.ro\/stiri\/wp-content\/uploads\/2015\/01\/ambulanta_28_.jpg\" alt=\"ambulanta_28_\" width=\"512\" height=\"341\" srcset=\"https:\/\/www.giurgiuveanul.ro\/stiri\/wp-content\/uploads\/2015\/01\/ambulanta_28_.jpg 512w, https:\/\/www.giurgiuveanul.ro\/stiri\/wp-content\/uploads\/2015\/01\/ambulanta_28_-250x167.jpg 250w, https:\/\/www.giurgiuveanul.ro\/stiri\/wp-content\/uploads\/2015\/01\/ambulanta_28_-400x266.jpg 400w\" sizes=\"auto, (max-width: 512px) 100vw, 512px\" \/><\/a>Primul este cel accidentat la Remu\u015f, despre care noi am relatat \u00een edi\u0163iile anterioare, Cel de-al doilea copil a fost accidentat tot pe data de 21 ianuarie 2015, la ora 11.32, cu c\u00e2teva minute \u00eenainte de cel de la Remu\u015f, pe <!--more-->Drumul Jude\u0163ean 412A, \u00een localitatea B\u0103l\u0103\u015foieni, Poli\u0163i\u015ftii giurgiuveni au fost sesiza\u0163i prin Sistemul Na\u0163ional Unic pentru Apeluri de Urgen\u0163\u0103 112 de cadrele medicale de la Spitalul Bolintin-Vale cu privire la faptul c\u0103 la unitatea sanitar\u0103 s-a prezentat minorul N. I. C., de patru ani, ce a fost adus de un b\u0103rbat de 56 ani, conduc\u0103tor auto care l-a accidentat u\u015for \u00een satul B\u0103l\u0103\u015foieni, comuna Ogrezeni.<\/p>\n<p style=\"text-align: justify;\">\u00cen urma cercet\u0103rilor efectuate de poli\u0163i\u015ftii rutieri s-a stabilit c\u0103 \u00een ziua de 21 ianuarie 2015, \u00een jurul orei 11.15, I. M., de 56 ani, din comuna Aduna\u0163ii Cop\u0103ceni, \u00een timp ce conducea autoturismul proprietate personal\u0103 pe Drumul Jude\u0163ean 412A, \u00een localitatea B\u0103l\u0103\u015foieni, a accidentat u\u015for pe minorul N. I. C., de patru ani, din localitate, care s-a angajat \u00een traversarea str\u0103zii prin loc nepermis \u015fi f\u0103r\u0103 s\u0103 se asigure, fiind l\u0103sat nesupravegheat de c\u0103tre veri\u015foara sa, de 13 ani.<\/p>\n<p style=\"text-align: justify;\">Minorul a fost transportat la Spitalul Bolintin-Vale de c\u0103tre conduc\u0103torul auto, dup\u0103 care a fost transferat la Spitalul Bagdasar Arseni din municipiul Bucure\u015fti pentru efectuarea de investiga\u0163ii medicale.<\/p>\n<p style=\"text-align: justify;\">Conduc\u0103torul autoturismului a fost testat cu aparatul etilo-test, rezultatul fiind negativ.<\/p>\n<p style=\"text-align: justify;\">Poli\u0163i\u015ftii rutieri au \u00eentocmit \u00een cauz\u0103 un dosar penal \u00een care efectueaz\u0103 cercet\u0103ri sub aspectul comiterii infrac\u0163iunii de v\u0103t\u0103mare corporal\u0103 din culp\u0103.<\/p>\n","protected":false},"excerpt":{"rendered":"<p>Primul este cel accidentat la Remu\u015f, despre care noi am relatat \u00een edi\u0163iile anterioare, Cel de-al doilea copil a fost accidentat tot pe data de 21 ianuarie 2015, la ora 11.32, cu c\u00e2teva minute \u00eenainte de cel de la Remu\u015f, pe<\/p>\n","protected":false},"author":2,"featured_media":0,"comment_status":"open","ping_status":"open","sticky":false,"template":"","format":"standard","meta":{"footnotes":""},"categories":[6],"tags":[],"class_list":["post-18845","post","type-post","status-publish","format-standard","hentry","category-breaking-news"],"_links":{"self":[{"href":"https:\/\/www.giurgiuveanul.ro\/stiri\/wp-json\/wp\/v2\/posts\/18845","targetHints":{"allow":["GET"]}}],"collection":[{"href":"https:\/\/www.giurgiuveanul.ro\/stiri\/wp-json\/wp\/v2\/posts"}],"about":[{"href":"https:\/\/www.giurgiuveanul.ro\/stiri\/wp-json\/wp\/v2\/types\/post"}],"author":[{"embeddable":true,"href":"https:\/\/www.giurgiuveanul.ro\/stiri\/wp-json\/wp\/v2\/users\/2"}],"replies":[{"embeddable":true,"href":"https:\/\/www.giurgiuveanul.ro\/stiri\/wp-json\/wp\/v2\/comments?post=18845"}],"version-history":[{"count":0,"href":"https:\/\/www.giurgiuveanul.ro\/stiri\/wp-json\/wp\/v2\/posts\/18845\/revisions"}],"wp:attachment":[{"href":"https:\/\/www.giurgiuveanul.ro\/stiri\/wp-json\/wp\/v2\/media?parent=18845"}],"wp:term":[{"taxonomy":"category","embeddable":true,"href":"https:\/\/www.giurgiuveanul.ro\/stiri\/wp-json\/wp\/v2\/categories?post=18845"},{"taxonomy":"post_tag","embeddable":true,"href":"https:\/\/www.giurgiuveanul.ro\/stiri\/wp-json\/wp\/v2\/tags?post=18845"}],"curies":[{"name":"wp","href":"https:\/\/api.w.org\/{rel}","templated":true}]}}