{"id":18851,"date":"2015-01-23T12:48:31","date_gmt":"2015-01-23T10:48:31","guid":{"rendered":"https:\/\/www.giurgiuveanul.ro\/stiri\/?p=18851"},"modified":"2015-01-23T12:48:31","modified_gmt":"2015-01-23T10:48:31","slug":"e-mare-vanzoleala-la-usile-pnl-giurgiu-de-ce-spune-marian-maroiu","status":"publish","type":"post","link":"https:\/\/www.giurgiuveanul.ro\/stiri\/e-mare-vanzoleala-la-usile-pnl-giurgiu-de-ce-spune-marian-maroiu\/","title":{"rendered":"\u201eE mare v\u00e2nzoleal\u0103 la u\u015file PNL Giurgiu!\u201d. De ce, o spune Marian M\u0103roiu"},"content":{"rendered":"<p style=\"text-align: justify;\"><strong><a href=\"https:\/\/www.giurgiuveanul.ro\/stiri\/wp-content\/uploads\/2015\/01\/P1040512.jpg\"><img loading=\"lazy\" decoding=\"async\" class=\"aligncenter size-large wp-image-18852\" src=\"https:\/\/www.giurgiuveanul.ro\/stiri\/wp-content\/uploads\/2015\/01\/P1040512-560x420.jpg\" alt=\"P1040512\" width=\"560\" height=\"420\" srcset=\"https:\/\/www.giurgiuveanul.ro\/stiri\/wp-content\/uploads\/2015\/01\/P1040512-560x420.jpg 560w, https:\/\/www.giurgiuveanul.ro\/stiri\/wp-content\/uploads\/2015\/01\/P1040512-250x188.jpg 250w, https:\/\/www.giurgiuveanul.ro\/stiri\/wp-content\/uploads\/2015\/01\/P1040512-400x300.jpg 400w, https:\/\/www.giurgiuveanul.ro\/stiri\/wp-content\/uploads\/2015\/01\/P1040512.jpg 800w\" sizes=\"auto, (max-width: 560px) 100vw, 560px\" \/><\/a>Atra\u015fi de perspectiva intr\u0103rii PNL la guvernare, unii ale\u015fi locali au \u00eenceput s\u0103 bat\u0103 din nou la u\u015file partidului care i-a promovat \u00een func\u0163ii, dar pe care l-au p\u0103r\u0103sit, \u00een favoarea PSD. \u00a0<\/strong><\/p>\n<p style=\"text-align: justify;\">Secretarul general al PNL Giurgiu, Marian M\u0103roiu, sus\u0163ine c\u0103, \u00een ultima perioad\u0103, foarte mul\u0163i ale\u015fi vin pe <!--more-->u\u015fa din spate la sediul partidului pentru a-i asigura de sprijinul lor.<\/p>\n<p style=\"text-align: justify;\"><em>\u201eE mare v\u00e2nzoleal\u0103 la u\u015file PNL. Mai pe ascuns, vin prin spate, schimb\u0103 dou\u0103 vorbe cu noi, ne promit sprijin \u015fi pleac\u0103. PNL va redeveni prima for\u0163\u0103 politic\u0103 din jude\u0163, iar pe cei pe care i-a\u0163i v\u0103zut jur\u00e2nd credin\u0163\u0103 PSD, \u00eei ve\u0163i vedea f\u0103c\u00e2nd acela\u015fi lucru pentru PNL\u201d,<\/em> a spus M\u0103roiu.<\/p>\n<p style=\"text-align: justify;\">Nu to\u0163i vor fi reprimi\u0163i \u00een PNL, ci doar aceia care se bucur\u0103 de \u00eencredere \u00een comunit\u0103\u0163ile lor \u015fi acei primari care <em>\u201enu de dragul banilor au plecat la PSD, ci din alte considerente\u201d<\/em>, afirm\u0103 M\u0103roiu.<\/p>\n<p><em>\u00a0<\/em><\/p>\n<p><em>Marcela Petcu<\/em><\/p>\n","protected":false},"excerpt":{"rendered":"<p>Atra\u015fi de perspectiva intr\u0103rii PNL la guvernare, unii ale\u015fi locali au \u00eenceput s\u0103 bat\u0103 din nou la u\u015file partidului care i-a promovat \u00een func\u0163ii, dar pe care l-au p\u0103r\u0103sit, \u00een favoarea PSD. \u00a0 Secretarul general al PNL Giurgiu, Marian M\u0103roiu, sus\u0163ine c\u0103, \u00een ultima perioad\u0103, foarte mul\u0163i ale\u015fi vin pe<\/p>\n","protected":false},"author":2,"featured_media":0,"comment_status":"open","ping_status":"open","sticky":false,"template":"","format":"standard","meta":{"footnotes":""},"categories":[6],"tags":[],"class_list":["post-18851","post","type-post","status-publish","format-standard","hentry","category-breaking-news"],"_links":{"self":[{"href":"https:\/\/www.giurgiuveanul.ro\/stiri\/wp-json\/wp\/v2\/posts\/18851","targetHints":{"allow":["GET"]}}],"collection":[{"href":"https:\/\/www.giurgiuveanul.ro\/stiri\/wp-json\/wp\/v2\/posts"}],"about":[{"href":"https:\/\/www.giurgiuveanul.ro\/stiri\/wp-json\/wp\/v2\/types\/post"}],"author":[{"embeddable":true,"href":"https:\/\/www.giurgiuveanul.ro\/stiri\/wp-json\/wp\/v2\/users\/2"}],"replies":[{"embeddable":true,"href":"https:\/\/www.giurgiuveanul.ro\/stiri\/wp-json\/wp\/v2\/comments?post=18851"}],"version-history":[{"count":0,"href":"https:\/\/www.giurgiuveanul.ro\/stiri\/wp-json\/wp\/v2\/posts\/18851\/revisions"}],"wp:attachment":[{"href":"https:\/\/www.giurgiuveanul.ro\/stiri\/wp-json\/wp\/v2\/media?parent=18851"}],"wp:term":[{"taxonomy":"category","embeddable":true,"href":"https:\/\/www.giurgiuveanul.ro\/stiri\/wp-json\/wp\/v2\/categories?post=18851"},{"taxonomy":"post_tag","embeddable":true,"href":"https:\/\/www.giurgiuveanul.ro\/stiri\/wp-json\/wp\/v2\/tags?post=18851"}],"curies":[{"name":"wp","href":"https:\/\/api.w.org\/{rel}","templated":true}]}}