{"id":18854,"date":"2015-01-24T15:50:11","date_gmt":"2015-01-24T13:50:11","guid":{"rendered":"https:\/\/www.giurgiuveanul.ro\/stiri\/?p=18854"},"modified":"2015-01-24T15:50:11","modified_gmt":"2015-01-24T13:50:11","slug":"vasile-mustatea-renuntat-la-presedintie","status":"publish","type":"post","link":"https:\/\/www.giurgiuveanul.ro\/stiri\/vasile-mustatea-renuntat-la-presedintie\/","title":{"rendered":"Vasile Must\u0103\u0163ea a renun\u0163at la pre\u015fedin\u0163ie!"},"content":{"rendered":"<p style=\"text-align: justify;\"><a href=\"https:\/\/www.giurgiuveanul.ro\/stiri\/wp-content\/uploads\/2015\/01\/mustatea-.jpg\"><img loading=\"lazy\" decoding=\"async\" class=\"aligncenter size-large wp-image-18855\" src=\"https:\/\/www.giurgiuveanul.ro\/stiri\/wp-content\/uploads\/2015\/01\/mustatea--513x450.jpg\" alt=\"mustatea-\" width=\"513\" height=\"450\" srcset=\"https:\/\/www.giurgiuveanul.ro\/stiri\/wp-content\/uploads\/2015\/01\/mustatea--513x450.jpg 513w, https:\/\/www.giurgiuveanul.ro\/stiri\/wp-content\/uploads\/2015\/01\/mustatea--250x219.jpg 250w, https:\/\/www.giurgiuveanul.ro\/stiri\/wp-content\/uploads\/2015\/01\/mustatea--400x351.jpg 400w, https:\/\/www.giurgiuveanul.ro\/stiri\/wp-content\/uploads\/2015\/01\/mustatea-.jpg 544w\" sizes=\"auto, (max-width: 513px) 100vw, 513px\" \/><\/a>Conducerea PNL, reunit\u0103 la Ia\u015fi ieri, 23 ianuarie 2015, a decis excluderea din partid a <!--more-->senatorului Tudor Chiuariu, prin procedura radierii, dup\u0103 ce liberalul a fost condamnat \u00een urm\u0103 cu un an pentru fapte de corup\u0163ie, iar recent a fost trimis \u00een judecat\u0103 \u00een dosarul retroced\u0103rilor ilegale de p\u0103duri. Totodat\u0103, pre\u0219edintele PNL Alina Gorghiu a anun\u0163at numirea deputatului Ionu\u0163 Stroe \u00een calitatea de purt\u0103tor de cuv\u00e2nt al partidului, \u00een locul pe care l-a l\u0103sat vacant dup\u0103 alegerea sa \u00een fruntea partidului.<\/p>\n<p style=\"text-align: justify;\">De asemenea, Alina Gorghiu a anun\u0163at \u00eenlocuirea pre\u015fedintelui Consiliului Jude\u0163ean Giurgiu, Vasile Must\u0103\u0163ea, de la \u015fefia filialei PNL, care a demisionat din func\u0163ie <em>\u201ddin motive de s\u0103n\u0103tate\u201d<\/em>, cu deputatul Raluca Surdu.<\/p>\n","protected":false},"excerpt":{"rendered":"<p>Conducerea PNL, reunit\u0103 la Ia\u015fi ieri, 23 ianuarie 2015, a decis excluderea din partid a<\/p>\n","protected":false},"author":2,"featured_media":0,"comment_status":"open","ping_status":"open","sticky":false,"template":"","format":"standard","meta":{"footnotes":""},"categories":[6],"tags":[],"class_list":["post-18854","post","type-post","status-publish","format-standard","hentry","category-breaking-news"],"_links":{"self":[{"href":"https:\/\/www.giurgiuveanul.ro\/stiri\/wp-json\/wp\/v2\/posts\/18854","targetHints":{"allow":["GET"]}}],"collection":[{"href":"https:\/\/www.giurgiuveanul.ro\/stiri\/wp-json\/wp\/v2\/posts"}],"about":[{"href":"https:\/\/www.giurgiuveanul.ro\/stiri\/wp-json\/wp\/v2\/types\/post"}],"author":[{"embeddable":true,"href":"https:\/\/www.giurgiuveanul.ro\/stiri\/wp-json\/wp\/v2\/users\/2"}],"replies":[{"embeddable":true,"href":"https:\/\/www.giurgiuveanul.ro\/stiri\/wp-json\/wp\/v2\/comments?post=18854"}],"version-history":[{"count":0,"href":"https:\/\/www.giurgiuveanul.ro\/stiri\/wp-json\/wp\/v2\/posts\/18854\/revisions"}],"wp:attachment":[{"href":"https:\/\/www.giurgiuveanul.ro\/stiri\/wp-json\/wp\/v2\/media?parent=18854"}],"wp:term":[{"taxonomy":"category","embeddable":true,"href":"https:\/\/www.giurgiuveanul.ro\/stiri\/wp-json\/wp\/v2\/categories?post=18854"},{"taxonomy":"post_tag","embeddable":true,"href":"https:\/\/www.giurgiuveanul.ro\/stiri\/wp-json\/wp\/v2\/tags?post=18854"}],"curies":[{"name":"wp","href":"https:\/\/api.w.org\/{rel}","templated":true}]}}