{"id":18863,"date":"2015-01-24T17:02:20","date_gmt":"2015-01-24T15:02:20","guid":{"rendered":"https:\/\/www.giurgiuveanul.ro\/stiri\/?p=18863"},"modified":"2015-01-24T17:02:20","modified_gmt":"2015-01-24T15:02:20","slug":"uniti-pentru-giurgiu-la-156-de-ani-de-la-unirea-principatelor-romane","status":"publish","type":"post","link":"https:\/\/www.giurgiuveanul.ro\/stiri\/uniti-pentru-giurgiu-la-156-de-ani-de-la-unirea-principatelor-romane\/","title":{"rendered":"\u201eUni\u0163i pentru Giurgiu\u201d\u2026 la 156 de ani de la Unirea Principatelor Rom\u00e2ne!"},"content":{"rendered":"<p style=\"text-align: justify;\"><a href=\"https:\/\/www.giurgiuveanul.ro\/stiri\/wp-content\/uploads\/2015\/01\/10620063_323753397824699_8814203304696173889_o.jpg\"><img loading=\"lazy\" decoding=\"async\" class=\"aligncenter size-large wp-image-18864\" src=\"https:\/\/www.giurgiuveanul.ro\/stiri\/wp-content\/uploads\/2015\/01\/10620063_323753397824699_8814203304696173889_o-560x276.jpg\" alt=\"10620063_323753397824699_8814203304696173889_o\" width=\"560\" height=\"276\" srcset=\"https:\/\/www.giurgiuveanul.ro\/stiri\/wp-content\/uploads\/2015\/01\/10620063_323753397824699_8814203304696173889_o-560x276.jpg 560w, https:\/\/www.giurgiuveanul.ro\/stiri\/wp-content\/uploads\/2015\/01\/10620063_323753397824699_8814203304696173889_o-250x123.jpg 250w, https:\/\/www.giurgiuveanul.ro\/stiri\/wp-content\/uploads\/2015\/01\/10620063_323753397824699_8814203304696173889_o-400x197.jpg 400w, https:\/\/www.giurgiuveanul.ro\/stiri\/wp-content\/uploads\/2015\/01\/10620063_323753397824699_8814203304696173889_o.jpg 2048w\" sizes=\"auto, (max-width: 560px) 100vw, 560px\" \/><\/a>Giurgiu a s\u0103rb\u0103torit, ast\u0103zi, 156 de ani de la Unirea Principatelor Romane printr-o manifestare inedit\u0103. Giurgiuvenii prezen\u0163i la eveniment au rememorat actul istoric de la 24 ianuarie 1859, dar \u015fi cele mai importante realiz\u0103ri de sub <!--more-->domnia lui Alexandru Ioan Cuza.<\/p>\n<p style=\"text-align: justify;\">Ast\u0103zi, 24 ianuarie 2015, Asocia\u0163ia \u201eUni\u0163i pentru Giurgiu\u201d a organizat o manifestare dedicat\u0103 Unirii Principatelor Rom\u00e2ne, la cabinetul parlamentar al deputatului Florian Nicolae.<\/p>\n<p style=\"text-align: justify;\"><a href=\"https:\/\/www.giurgiuveanul.ro\/stiri\/wp-content\/uploads\/2015\/01\/10929181_323753867824652_7858225833312324599_o.jpg\"><img loading=\"lazy\" decoding=\"async\" class=\"aligncenter size-large wp-image-18866\" src=\"https:\/\/www.giurgiuveanul.ro\/stiri\/wp-content\/uploads\/2015\/01\/10929181_323753867824652_7858225833312324599_o-560x345.jpg\" alt=\"10929181_323753867824652_7858225833312324599_o\" width=\"560\" height=\"345\" srcset=\"https:\/\/www.giurgiuveanul.ro\/stiri\/wp-content\/uploads\/2015\/01\/10929181_323753867824652_7858225833312324599_o-560x345.jpg 560w, https:\/\/www.giurgiuveanul.ro\/stiri\/wp-content\/uploads\/2015\/01\/10929181_323753867824652_7858225833312324599_o-250x154.jpg 250w, https:\/\/www.giurgiuveanul.ro\/stiri\/wp-content\/uploads\/2015\/01\/10929181_323753867824652_7858225833312324599_o-400x247.jpg 400w, https:\/\/www.giurgiuveanul.ro\/stiri\/wp-content\/uploads\/2015\/01\/10929181_323753867824652_7858225833312324599_o.jpg 2048w\" sizes=\"auto, (max-width: 560px) 100vw, 560px\" \/><\/a><\/p>\n<p style=\"text-align: justify;\">Activitatea a fost sus\u0163inut\u0103 \u00een calitate de parteneri de: Biblioteca Jude\u0163ean\u0103 \u201eI.A. Bassarabescu\u201d, la eveniment fiind prezent directorul institu\u0163iei, publicistul Dan Mucenic, Muzeul Jude\u0163ean \u201eTeohari Antonescu\u201d, reprezentat de director, profesorul Emil P\u0103unescu, \u015fi istoricul Gheorghe Dumitrescu.<\/p>\n<p style=\"text-align: justify;\"><a href=\"https:\/\/www.giurgiuveanul.ro\/stiri\/wp-content\/uploads\/2015\/01\/1618203_323753787824660_7362552406312495419_o.jpg\"><img loading=\"lazy\" decoding=\"async\" class=\"aligncenter size-large wp-image-18865\" src=\"https:\/\/www.giurgiuveanul.ro\/stiri\/wp-content\/uploads\/2015\/01\/1618203_323753787824660_7362552406312495419_o-560x300.jpg\" alt=\"1618203_323753787824660_7362552406312495419_o\" width=\"560\" height=\"300\" srcset=\"https:\/\/www.giurgiuveanul.ro\/stiri\/wp-content\/uploads\/2015\/01\/1618203_323753787824660_7362552406312495419_o-560x300.jpg 560w, https:\/\/www.giurgiuveanul.ro\/stiri\/wp-content\/uploads\/2015\/01\/1618203_323753787824660_7362552406312495419_o-250x134.jpg 250w, https:\/\/www.giurgiuveanul.ro\/stiri\/wp-content\/uploads\/2015\/01\/1618203_323753787824660_7362552406312495419_o-400x214.jpg 400w, https:\/\/www.giurgiuveanul.ro\/stiri\/wp-content\/uploads\/2015\/01\/1618203_323753787824660_7362552406312495419_o.jpg 2048w\" sizes=\"auto, (max-width: 560px) 100vw, 560px\" \/><\/a><\/p>\n<p style=\"text-align: justify;\">Printre invita\u0163i s-au aflat deputatul de Giurgiu, Liliana Ciobanu, \u015fi pre\u015fedintele organiza\u0163iei municipale a PNL Giurgiu, Dumitru Beianu.<\/p>\n<p style=\"text-align: justify;\"><a href=\"https:\/\/www.giurgiuveanul.ro\/stiri\/wp-content\/uploads\/2015\/01\/10917142_323753474491358_3952429601521267825_o.jpg\"><img loading=\"lazy\" decoding=\"async\" class=\"aligncenter size-large wp-image-18871\" src=\"https:\/\/www.giurgiuveanul.ro\/stiri\/wp-content\/uploads\/2015\/01\/10917142_323753474491358_3952429601521267825_o-560x286.jpg\" alt=\"10917142_323753474491358_3952429601521267825_o\" width=\"560\" height=\"286\" srcset=\"https:\/\/www.giurgiuveanul.ro\/stiri\/wp-content\/uploads\/2015\/01\/10917142_323753474491358_3952429601521267825_o-560x286.jpg 560w, https:\/\/www.giurgiuveanul.ro\/stiri\/wp-content\/uploads\/2015\/01\/10917142_323753474491358_3952429601521267825_o-250x128.jpg 250w, https:\/\/www.giurgiuveanul.ro\/stiri\/wp-content\/uploads\/2015\/01\/10917142_323753474491358_3952429601521267825_o-400x204.jpg 400w, https:\/\/www.giurgiuveanul.ro\/stiri\/wp-content\/uploads\/2015\/01\/10917142_323753474491358_3952429601521267825_o.jpg 817w\" sizes=\"auto, (max-width: 560px) 100vw, 560px\" \/><\/a><\/p>\n<p style=\"text-align: justify;\">Activitatea a \u00eenceput cu adresarea unor cuvinte din partea deputa\u0163ilor Florian Nicolae \u015fi Liliana Ciobanu, a liderului local al PNL, Dumitru Beianu, \u015fi a reprezentan\u0163ilor institu\u0163iilor mai sus amintite cu privire la semnifica\u0163ia momentului.<\/p>\n<p style=\"text-align: justify;\">Manifestarea s-a \u00eencheiat cu tradi\u0163ionala Hor\u0103 a Unirii \u00een care s-au prins to\u0163i participan\u0163ii la eveniment.<\/p>\n<p style=\"text-align: justify;\"><a href=\"https:\/\/www.giurgiuveanul.ro\/stiri\/wp-content\/uploads\/2015\/01\/10931569_323754181157954_6613020255211873367_o.jpg\"><img loading=\"lazy\" decoding=\"async\" class=\"aligncenter size-large wp-image-18867\" src=\"https:\/\/www.giurgiuveanul.ro\/stiri\/wp-content\/uploads\/2015\/01\/10931569_323754181157954_6613020255211873367_o-560x290.jpg\" alt=\"10931569_323754181157954_6613020255211873367_o\" width=\"560\" height=\"290\" srcset=\"https:\/\/www.giurgiuveanul.ro\/stiri\/wp-content\/uploads\/2015\/01\/10931569_323754181157954_6613020255211873367_o-560x290.jpg 560w, https:\/\/www.giurgiuveanul.ro\/stiri\/wp-content\/uploads\/2015\/01\/10931569_323754181157954_6613020255211873367_o-250x130.jpg 250w, https:\/\/www.giurgiuveanul.ro\/stiri\/wp-content\/uploads\/2015\/01\/10931569_323754181157954_6613020255211873367_o-400x207.jpg 400w, https:\/\/www.giurgiuveanul.ro\/stiri\/wp-content\/uploads\/2015\/01\/10931569_323754181157954_6613020255211873367_o.jpg 2048w\" sizes=\"auto, (max-width: 560px) 100vw, 560px\" \/><\/a><\/p>\n<p style=\"text-align: justify;\"><a href=\"https:\/\/www.giurgiuveanul.ro\/stiri\/wp-content\/uploads\/2015\/01\/10866182_323754924491213_2315726943134557058_o.jpg\"><img loading=\"lazy\" decoding=\"async\" class=\"aligncenter size-large wp-image-18868\" src=\"https:\/\/www.giurgiuveanul.ro\/stiri\/wp-content\/uploads\/2015\/01\/10866182_323754924491213_2315726943134557058_o-560x295.jpg\" alt=\"10866182_323754924491213_2315726943134557058_o\" width=\"560\" height=\"295\" srcset=\"https:\/\/www.giurgiuveanul.ro\/stiri\/wp-content\/uploads\/2015\/01\/10866182_323754924491213_2315726943134557058_o-560x295.jpg 560w, https:\/\/www.giurgiuveanul.ro\/stiri\/wp-content\/uploads\/2015\/01\/10866182_323754924491213_2315726943134557058_o-250x132.jpg 250w, https:\/\/www.giurgiuveanul.ro\/stiri\/wp-content\/uploads\/2015\/01\/10866182_323754924491213_2315726943134557058_o-400x211.jpg 400w, https:\/\/www.giurgiuveanul.ro\/stiri\/wp-content\/uploads\/2015\/01\/10866182_323754924491213_2315726943134557058_o.jpg 2048w\" sizes=\"auto, (max-width: 560px) 100vw, 560px\" \/><\/a><\/p>\n<p style=\"text-align: justify;\"><a href=\"https:\/\/www.giurgiuveanul.ro\/stiri\/wp-content\/uploads\/2015\/01\/10952102_323754364491269_1697332039467263777_o.jpg\"><img loading=\"lazy\" decoding=\"async\" class=\"aligncenter size-large wp-image-18869\" src=\"https:\/\/www.giurgiuveanul.ro\/stiri\/wp-content\/uploads\/2015\/01\/10952102_323754364491269_1697332039467263777_o-560x348.jpg\" alt=\"10952102_323754364491269_1697332039467263777_o\" width=\"560\" height=\"348\" srcset=\"https:\/\/www.giurgiuveanul.ro\/stiri\/wp-content\/uploads\/2015\/01\/10952102_323754364491269_1697332039467263777_o-560x348.jpg 560w, https:\/\/www.giurgiuveanul.ro\/stiri\/wp-content\/uploads\/2015\/01\/10952102_323754364491269_1697332039467263777_o-250x156.jpg 250w, https:\/\/www.giurgiuveanul.ro\/stiri\/wp-content\/uploads\/2015\/01\/10952102_323754364491269_1697332039467263777_o-400x249.jpg 400w, https:\/\/www.giurgiuveanul.ro\/stiri\/wp-content\/uploads\/2015\/01\/10952102_323754364491269_1697332039467263777_o.jpg 2048w\" sizes=\"auto, (max-width: 560px) 100vw, 560px\" \/><\/a><\/p>\n<p style=\"text-align: justify;\"><a href=\"https:\/\/www.giurgiuveanul.ro\/stiri\/wp-content\/uploads\/2015\/01\/10947395_323754557824583_2079100545530617230_o.jpg\"><img loading=\"lazy\" decoding=\"async\" class=\"aligncenter size-large wp-image-18870\" src=\"https:\/\/www.giurgiuveanul.ro\/stiri\/wp-content\/uploads\/2015\/01\/10947395_323754557824583_2079100545530617230_o-560x414.jpg\" alt=\"10947395_323754557824583_2079100545530617230_o\" width=\"560\" height=\"414\" srcset=\"https:\/\/www.giurgiuveanul.ro\/stiri\/wp-content\/uploads\/2015\/01\/10947395_323754557824583_2079100545530617230_o-560x414.jpg 560w, https:\/\/www.giurgiuveanul.ro\/stiri\/wp-content\/uploads\/2015\/01\/10947395_323754557824583_2079100545530617230_o-250x185.jpg 250w, https:\/\/www.giurgiuveanul.ro\/stiri\/wp-content\/uploads\/2015\/01\/10947395_323754557824583_2079100545530617230_o-400x296.jpg 400w, https:\/\/www.giurgiuveanul.ro\/stiri\/wp-content\/uploads\/2015\/01\/10947395_323754557824583_2079100545530617230_o.jpg 2048w\" sizes=\"auto, (max-width: 560px) 100vw, 560px\" \/><\/a><\/p>\n<p style=\"text-align: justify;\">\n","protected":false},"excerpt":{"rendered":"<p>Giurgiu a s\u0103rb\u0103torit, ast\u0103zi, 156 de ani de la Unirea Principatelor Romane printr-o manifestare inedit\u0103. Giurgiuvenii prezen\u0163i la eveniment au rememorat actul istoric de la 24 ianuarie 1859, dar \u015fi cele mai importante realiz\u0103ri de sub<\/p>\n","protected":false},"author":2,"featured_media":0,"comment_status":"open","ping_status":"open","sticky":false,"template":"","format":"standard","meta":{"footnotes":""},"categories":[6],"tags":[],"class_list":["post-18863","post","type-post","status-publish","format-standard","hentry","category-breaking-news"],"_links":{"self":[{"href":"https:\/\/www.giurgiuveanul.ro\/stiri\/wp-json\/wp\/v2\/posts\/18863","targetHints":{"allow":["GET"]}}],"collection":[{"href":"https:\/\/www.giurgiuveanul.ro\/stiri\/wp-json\/wp\/v2\/posts"}],"about":[{"href":"https:\/\/www.giurgiuveanul.ro\/stiri\/wp-json\/wp\/v2\/types\/post"}],"author":[{"embeddable":true,"href":"https:\/\/www.giurgiuveanul.ro\/stiri\/wp-json\/wp\/v2\/users\/2"}],"replies":[{"embeddable":true,"href":"https:\/\/www.giurgiuveanul.ro\/stiri\/wp-json\/wp\/v2\/comments?post=18863"}],"version-history":[{"count":0,"href":"https:\/\/www.giurgiuveanul.ro\/stiri\/wp-json\/wp\/v2\/posts\/18863\/revisions"}],"wp:attachment":[{"href":"https:\/\/www.giurgiuveanul.ro\/stiri\/wp-json\/wp\/v2\/media?parent=18863"}],"wp:term":[{"taxonomy":"category","embeddable":true,"href":"https:\/\/www.giurgiuveanul.ro\/stiri\/wp-json\/wp\/v2\/categories?post=18863"},{"taxonomy":"post_tag","embeddable":true,"href":"https:\/\/www.giurgiuveanul.ro\/stiri\/wp-json\/wp\/v2\/tags?post=18863"}],"curies":[{"name":"wp","href":"https:\/\/api.w.org\/{rel}","templated":true}]}}