{"id":18876,"date":"2015-01-25T12:23:50","date_gmt":"2015-01-25T10:23:50","guid":{"rendered":"https:\/\/www.giurgiuveanul.ro\/stiri\/?p=18876"},"modified":"2015-01-25T12:23:50","modified_gmt":"2015-01-25T10:23:50","slug":"37-de-controale-sase-filtre-razie-si-trei-perchezitii-domiciliare-intr-o-singura-zi-la-giurgiu","status":"publish","type":"post","link":"https:\/\/www.giurgiuveanul.ro\/stiri\/37-de-controale-sase-filtre-razie-si-trei-perchezitii-domiciliare-intr-o-singura-zi-la-giurgiu\/","title":{"rendered":"37 de controale, \u015fase filtre, o razie \u015fi trei perchezi\u0163ii domiciliare, \u00eentr-o singur\u0103 zi la Giurgiu!"},"content":{"rendered":"<p style=\"text-align: justify;\"><strong><a href=\"https:\/\/www.giurgiuveanul.ro\/stiri\/wp-content\/uploads\/2015\/01\/Mascatii-Giurgiu.jpg\"><img loading=\"lazy\" decoding=\"async\" class=\"aligncenter size-large wp-image-18877\" src=\"https:\/\/www.giurgiuveanul.ro\/stiri\/wp-content\/uploads\/2015\/01\/Mascatii-Giurgiu-560x341.jpg\" alt=\"Mascatii-Giurgiu\" width=\"560\" height=\"341\" srcset=\"https:\/\/www.giurgiuveanul.ro\/stiri\/wp-content\/uploads\/2015\/01\/Mascatii-Giurgiu-560x341.jpg 560w, https:\/\/www.giurgiuveanul.ro\/stiri\/wp-content\/uploads\/2015\/01\/Mascatii-Giurgiu-250x152.jpg 250w, https:\/\/www.giurgiuveanul.ro\/stiri\/wp-content\/uploads\/2015\/01\/Mascatii-Giurgiu-400x244.jpg 400w, https:\/\/www.giurgiuveanul.ro\/stiri\/wp-content\/uploads\/2015\/01\/Mascatii-Giurgiu.jpg 800w\" sizes=\"auto, (max-width: 560px) 100vw, 560px\" \/><\/a>Poli\u0163i\u015ftii din cadrul Poli\u0163iei Municipiului au desf\u0103\u015furat mai multe activit\u0103\u0163i preventiv &#8211; reactive pe raza municipiului \u00een scopul asigur\u0103rii unui climat de siguran\u0163\u0103 civic\u0103 \u015fi diminu\u0103rii fenomenului infrac\u0163ional.<\/strong><\/p>\n<p style=\"text-align: justify;\">Peste 45 de poli\u0163i\u015fti din cadrul structurilor de ordine public\u0103, investiga\u0163ii criminale, poli\u0163ie rutier\u0103, cu sprijinul colegilor de la Serviciile de Ac\u0163iuni Speciale \u015fi Criminalistic, sprijini\u0163i de <!--more-->jandarmi din cadrul I.J.J. Giurgiu au desf\u0103\u015furat, joi, \u00a037 de controale, \u015fase filtre \u00een zonele cu risc criminogen, o razie \u015fi trei perchezi\u0163ii domiciliare.<\/p>\n<p style=\"text-align: justify;\">Poli\u0163i\u015ftii Biroului de Investiga\u0163ii Criminale cu suportul Serviciului Criminalistic au efectuat trei perchezi\u0163ii domiciliare la persoane b\u0103nuite de furturi din locuin\u0163e, ocazie cu care au reu\u015fit probarea activit\u0103\u0163ii infrac\u0163ionale a lui M. N. I., de 26 ani \u015fi Z. A., de 15 ani, ambii din Municipiul Giurgiu, care \u00een perioada 14 -21.01.2015 au p\u0103truns, prin efrac\u0163ie, \u00een locuin\u0163ele a trei giurgiuveni, de unde au sustras aparatur\u0103 electronic\u0103 \u015fi electrocasnic\u0103 precum \u015fi alte obiecte de uz casnic.<\/p>\n<p style=\"text-align: justify;\">Cu ocazia activit\u0103\u0163ilor procesuale desf\u0103\u015furate au fost identificate parte din bunurile sustrase, acestea urm\u00e2nd a fi predate persoanelor v\u0103t\u0103mate.<\/p>\n<p style=\"text-align: justify;\">Fa\u0163\u0103 de M. N. I. s-a luat m\u0103sura re\u0163inerii pe baz\u0103 de ordonan\u0163\u0103, urm\u00e2nd ca acesta s\u0103 fie prezentat cu propuneri de luare a m\u0103surii procesuale a arest\u0103rii preventive.<\/p>\n<p style=\"text-align: justify;\">Poli\u0163i\u015ftii, cu ocazia ac\u0163iunilor \u00eentreprinse, au mai aplicat 14 sanc\u0163iuni contraven\u0163ionale, \u00een valoare de 1465 lei, cele mai multe dintre acestea privind \u00eenc\u0103lcarea normelor ce reglementeaz\u0103 circula\u0163ia pe drumurile publice sau a normelor de convie\u0163uire social\u0103, a ordinii \u015fi lini\u015ftii publice.<\/p>\n","protected":false},"excerpt":{"rendered":"<p>Poli\u0163i\u015ftii din cadrul Poli\u0163iei Municipiului au desf\u0103\u015furat mai multe activit\u0103\u0163i preventiv &#8211; reactive pe raza municipiului \u00een scopul asigur\u0103rii unui climat de siguran\u0163\u0103 civic\u0103 \u015fi diminu\u0103rii fenomenului infrac\u0163ional. Peste 45 de poli\u0163i\u015fti din cadrul structurilor de ordine public\u0103, investiga\u0163ii criminale, poli\u0163ie rutier\u0103, cu sprijinul colegilor de la Serviciile de Ac\u0163iuni Speciale \u015fi Criminalistic, sprijini\u0163i de<\/p>\n","protected":false},"author":2,"featured_media":0,"comment_status":"open","ping_status":"open","sticky":false,"template":"","format":"standard","meta":{"footnotes":""},"categories":[6],"tags":[],"class_list":["post-18876","post","type-post","status-publish","format-standard","hentry","category-breaking-news"],"_links":{"self":[{"href":"https:\/\/www.giurgiuveanul.ro\/stiri\/wp-json\/wp\/v2\/posts\/18876","targetHints":{"allow":["GET"]}}],"collection":[{"href":"https:\/\/www.giurgiuveanul.ro\/stiri\/wp-json\/wp\/v2\/posts"}],"about":[{"href":"https:\/\/www.giurgiuveanul.ro\/stiri\/wp-json\/wp\/v2\/types\/post"}],"author":[{"embeddable":true,"href":"https:\/\/www.giurgiuveanul.ro\/stiri\/wp-json\/wp\/v2\/users\/2"}],"replies":[{"embeddable":true,"href":"https:\/\/www.giurgiuveanul.ro\/stiri\/wp-json\/wp\/v2\/comments?post=18876"}],"version-history":[{"count":0,"href":"https:\/\/www.giurgiuveanul.ro\/stiri\/wp-json\/wp\/v2\/posts\/18876\/revisions"}],"wp:attachment":[{"href":"https:\/\/www.giurgiuveanul.ro\/stiri\/wp-json\/wp\/v2\/media?parent=18876"}],"wp:term":[{"taxonomy":"category","embeddable":true,"href":"https:\/\/www.giurgiuveanul.ro\/stiri\/wp-json\/wp\/v2\/categories?post=18876"},{"taxonomy":"post_tag","embeddable":true,"href":"https:\/\/www.giurgiuveanul.ro\/stiri\/wp-json\/wp\/v2\/tags?post=18876"}],"curies":[{"name":"wp","href":"https:\/\/api.w.org\/{rel}","templated":true}]}}